{"id":11250,"date":"2026-03-31T17:06:40","date_gmt":"2026-03-31T17:06:40","guid":{"rendered":"https:\/\/www.newsrecorder.ro\/app\/2026\/03\/31\/roberto-de-zerbi-preia-fraiele-lui-tottenham-cu-un-contract-pe-cinci-ani\/"},"modified":"2026-03-31T17:06:40","modified_gmt":"2026-03-31T17:06:40","slug":"roberto-de-zerbi-preia-fraiele-lui-tottenham-cu-un-contract-pe-cinci-ani","status":"publish","type":"post","link":"https:\/\/www.newsrecorder.ro\/app\/2026\/03\/31\/roberto-de-zerbi-preia-fraiele-lui-tottenham-cu-un-contract-pe-cinci-ani\/","title":{"rendered":"Roberto De Zerbi preia fr\u00e2iele lui Tottenham cu un contract pe cinci ani!"},"content":{"rendered":"<p>Un nou capitol pentru clubul londonez, care a anun\u021bat semnarea unui contract pe o perioad\u0103 de cinci ani cu antrenorul italian Roberto De Zerbi. Principalul s\u0103u obiectiv este s\u0103 salveze echipa de la retrogradare, conform informa\u021biilor publicate de The Guardian.<\/p>\n<p>\u00cen prezent, clubul se afl\u0103 la doar un punct deasupra zonei retrograd\u0103rii, cu \u0219apte etape r\u0103mase din Premier League. De Zerbi \u00ee\u0219i va face debutul pe banca echipei Tottenham Hotspur \u00een meciul din deplasare \u00eempotriva lui Sunderland.<\/p>\n<p>\u201eSunt \u00eenc\u00e2ntat s\u0103 m\u0103 al\u0103tur acestui club fantastic, unul dintre cele mai mari \u0219i prestigioase din lume\u201d, a declarat De Zerbi, exprim\u00e2ndu-\u0219i entuziasmul pentru noua sa provocare.<\/p>\n<p>\u00centorc\u00e2ndu-se \u00een Premier League dup\u0103 o experien\u021b\u0103 de succes la Brighton, unde a reu\u0219it s\u0103 califice echipa \u00een competi\u021biile europene, De Zerbi vine cu un bagaj de experien\u021b\u0103 considerabil. Anterior, el a antrenat echipa de la Marseille, de care s-a desp\u0103r\u021bit \u00een luna februarie.<\/p>\n<p>De asemenea, este important de men\u021bionat c\u0103 Igor Tudor, antrenorul interimar, a p\u0103r\u0103sit clubul duminic\u0103, de comun acord, dup\u0103 doar 44 de zile \u00een func\u021bie. Potrivit BBC, Tudor a fost eliberat din func\u021bie \u00een urma unei \u00eenfr\u00e2ngeri cu 0-3 \u00een fa\u021ba lui Nottingham Forest, dar clubul a decis s\u0103 am\u00e2ne anun\u021bul pentru a-i oferi tehnicianului croat un timp de r\u0103gaz, av\u00e2nd \u00een vedere decesul tat\u0103lui s\u0103u.<\/p>\n","protected":false},"excerpt":{"rendered":"<p>Un nou capitol pentru clubul londonez, care a anun\u021bat semnarea unui contract pe o perioad\u0103 de cinci ani cu antrenorul italian Roberto De Zerbi. Principalul s\u0103u obiectiv este s\u0103 salveze echipa de la retrogradare, conform informa\u021biilor publicate de The Guardian. \u00cen prezent, clubul se afl\u0103 la doar un punct deasupra zonei retrograd\u0103rii, cu \u0219apte etape [&hellip;]<\/p>\n","protected":false},"author":2,"featured_media":11251,"comment_status":"open","ping_status":"open","sticky":false,"template":"","format":"standard","meta":{"jnews-multi-image_gallery":[],"jnews_single_post":[],"jnews_primary_category":[],"jnews_override_counter":[],"footnotes":""},"categories":[39],"tags":[14156,4241,7565,57,2016,2752,13970,4238],"class_list":["post-11250","post","type-post","status-publish","format-standard","has-post-thumbnail","hentry","category-stirile-zilei","tag-antrenor-italian","tag-club-londonez","tag-experienta","tag-meci","tag-premier-league","tag-retrogradare","tag-roberto-de-zerbi","tag-tottenham-hotspur"],"_links":{"self":[{"href":"https:\/\/www.newsrecorder.ro\/app\/wp-json\/wp\/v2\/posts\/11250","targetHints":{"allow":["GET"]}}],"collection":[{"href":"https:\/\/www.newsrecorder.ro\/app\/wp-json\/wp\/v2\/posts"}],"about":[{"href":"https:\/\/www.newsrecorder.ro\/app\/wp-json\/wp\/v2\/types\/post"}],"author":[{"embeddable":true,"href":"https:\/\/www.newsrecorder.ro\/app\/wp-json\/wp\/v2\/users\/2"}],"replies":[{"embeddable":true,"href":"https:\/\/www.newsrecorder.ro\/app\/wp-json\/wp\/v2\/comments?post=11250"}],"version-history":[{"count":0,"href":"https:\/\/www.newsrecorder.ro\/app\/wp-json\/wp\/v2\/posts\/11250\/revisions"}],"wp:featuredmedia":[{"embeddable":true,"href":"https:\/\/www.newsrecorder.ro\/app\/wp-json\/wp\/v2\/media\/11251"}],"wp:attachment":[{"href":"https:\/\/www.newsrecorder.ro\/app\/wp-json\/wp\/v2\/media?parent=11250"}],"wp:term":[{"taxonomy":"category","embeddable":true,"href":"https:\/\/www.newsrecorder.ro\/app\/wp-json\/wp\/v2\/categories?post=11250"},{"taxonomy":"post_tag","embeddable":true,"href":"https:\/\/www.newsrecorder.ro\/app\/wp-json\/wp\/v2\/tags?post=11250"}],"curies":[{"name":"wp","href":"https:\/\/api.w.org\/{rel}","templated":true}]}}