{"id":11266,"date":"2026-03-31T22:56:08","date_gmt":"2026-03-31T22:56:08","guid":{"rendered":"https:\/\/www.newsrecorder.ro\/app\/2026\/03\/31\/romania-u17-face-istorie-calificare-in-premiera-la-cupa-mondiala\/"},"modified":"2026-03-31T22:56:08","modified_gmt":"2026-03-31T22:56:08","slug":"romania-u17-face-istorie-calificare-in-premiera-la-cupa-mondiala","status":"publish","type":"post","link":"https:\/\/www.newsrecorder.ro\/app\/2026\/03\/31\/romania-u17-face-istorie-calificare-in-premiera-la-cupa-mondiala\/","title":{"rendered":"Rom\u00e2nia U17 face istorie: calificare \u00een premier\u0103 la Cupa Mondial\u0103!"},"content":{"rendered":"<p>Chiar dac\u0103 au suferit o \u00eenfr\u00e2ngere \u00een ultimul meci \u00eempotriva Italiei, cu scorul de 1-2, juniorii rom\u00e2ni s-au remarcat printr-o performan\u021b\u0103 impresionant\u0103, clas\u00e2ndu-se printre cele mai bune echipe de pe locurile secunde, gra\u021bie celor dou\u0103 victorii conving\u0103toare ob\u021binute anterior: 5-2 cu Islanda \u0219i 1-0 cu Portugalia. Aceast\u0103 realizare a fost anun\u021bat\u0103 de Federa\u021bia Rom\u00e2n\u0103 de Fotbal (FRF).<\/p>\n<p>Calificarea la turneul final este cu at\u00e2t mai special\u0103, av\u00e2nd \u00een vedere c\u0103 Rom\u00e2nia particip\u0103 pentru prima dat\u0103 la un Campionat Mondial U17, un moment istoric pentru fotbalul rom\u00e2nesc, conform celor relatate de FRF.<\/p>\n<p>\u00cen ceea ce prive\u0219te sistemul de calificare, la Campionatul European U17 se calific\u0103 doar c\u00e2\u0219tig\u0103toarele celor \u0219apte grupe, \u00een timp ce la Cupa Mondial\u0103 pot accede \u0219i cele mai bune patru echipe clasate pe locul secund din grup\u0103, ceea ce a permis juniorilor no\u0219tri s\u0103 \u00ee\u0219i continue parcursul competi\u021bional.<\/p>\n<p>Selec\u021bionerul Mircea Diaconescu a convocat un lot talentat pentru turneul de calificare, structurat astfel:<\/p>\n<p><strong>Portari:<\/strong> Tudor Co\u0219a (Universitatea Cluj), Victor Kroes (Real Betis), Rare\u0219 Andrei (FCSB).<\/p>\n<p><strong>Funda\u0219i:<\/strong> Cosmin Matei (CFR Cluj), Erik M\u0103n\u0103il\u0103 (Rapid), Andrei D\u0103ncu\u0219 (FCSB), Daniele Paul (AS Roma), Ayan Anghel (Dinamo), Robert Corduneanu (Fiorentina), Eduardo Corlat (Real Madrid), Lorand Bencze (Csikszereda), Claudiu Stancu (CSM Slatina).<\/p>\n<p><strong>Mijloca\u0219i:<\/strong> Matei P\u0103dure (FCSB), Ioan Precup (Roda), Denys Muntean (Universitatea Craiova), Darius Tripon (Farul), Alexandru Goncear (Farul).<\/p>\n<p><strong>Atacan\u021bi:<\/strong> R\u0103zvan Marincean (Farul), Eduardo Bodnar (Universitatea Cluj), Darius Bota (Csikszereda), Cosmin Mihai (Farul).<\/p>\n<p>Acest lot promi\u021b\u0103tor reflect\u0103 angajamentul \u0219i poten\u021bialul tinerelor talente din Rom\u00e2nia, iar fanii a\u0219teapt\u0103 cu ner\u0103bdare urm\u0103toarele meciuri ale echipei na\u021bionale U17.<\/p>\n","protected":false},"excerpt":{"rendered":"<p>Chiar dac\u0103 au suferit o \u00eenfr\u00e2ngere \u00een ultimul meci \u00eempotriva Italiei, cu scorul de 1-2, juniorii rom\u00e2ni s-au remarcat printr-o performan\u021b\u0103 impresionant\u0103, clas\u00e2ndu-se printre cele mai bune echipe de pe locurile secunde, gra\u021bie celor dou\u0103 victorii conving\u0103toare ob\u021binute anterior: 5-2 cu Islanda \u0219i 1-0 cu Portugalia. Aceast\u0103 realizare a fost anun\u021bat\u0103 de Federa\u021bia Rom\u00e2n\u0103 de [&hellip;]<\/p>\n","protected":false},"author":6,"featured_media":11267,"comment_status":"open","ping_status":"open","sticky":false,"template":"","format":"standard","meta":{"jnews-multi-image_gallery":[],"jnews_single_post":[],"jnews_primary_category":[],"jnews_override_counter":[],"footnotes":""},"categories":[46],"tags":[8283,14177,1113,1768,14178,14176,57,972],"class_list":["post-11266","post","type-post","status-publish","format-standard","has-post-thumbnail","hentry","category-sport","tag-calificare","tag-campionat-mondial-u17","tag-echipe","tag-federatia-romana-de-fotbal","tag-italie","tag-juniori-romani","tag-meci","tag-performanta"],"_links":{"self":[{"href":"https:\/\/www.newsrecorder.ro\/app\/wp-json\/wp\/v2\/posts\/11266","targetHints":{"allow":["GET"]}}],"collection":[{"href":"https:\/\/www.newsrecorder.ro\/app\/wp-json\/wp\/v2\/posts"}],"about":[{"href":"https:\/\/www.newsrecorder.ro\/app\/wp-json\/wp\/v2\/types\/post"}],"author":[{"embeddable":true,"href":"https:\/\/www.newsrecorder.ro\/app\/wp-json\/wp\/v2\/users\/6"}],"replies":[{"embeddable":true,"href":"https:\/\/www.newsrecorder.ro\/app\/wp-json\/wp\/v2\/comments?post=11266"}],"version-history":[{"count":0,"href":"https:\/\/www.newsrecorder.ro\/app\/wp-json\/wp\/v2\/posts\/11266\/revisions"}],"wp:featuredmedia":[{"embeddable":true,"href":"https:\/\/www.newsrecorder.ro\/app\/wp-json\/wp\/v2\/media\/11267"}],"wp:attachment":[{"href":"https:\/\/www.newsrecorder.ro\/app\/wp-json\/wp\/v2\/media?parent=11266"}],"wp:term":[{"taxonomy":"category","embeddable":true,"href":"https:\/\/www.newsrecorder.ro\/app\/wp-json\/wp\/v2\/categories?post=11266"},{"taxonomy":"post_tag","embeddable":true,"href":"https:\/\/www.newsrecorder.ro\/app\/wp-json\/wp\/v2\/tags?post=11266"}],"curies":[{"name":"wp","href":"https:\/\/api.w.org\/{rel}","templated":true}]}}