{"id":11282,"date":"2026-03-31T22:57:50","date_gmt":"2026-03-31T22:57:50","guid":{"rendered":"https:\/\/www.newsrecorder.ro\/app\/2026\/03\/31\/bucuresti-in-alerta-ploi-si-frig-intens-in-urmatoarele-ore\/"},"modified":"2026-03-31T22:57:50","modified_gmt":"2026-03-31T22:57:50","slug":"bucuresti-in-alerta-ploi-si-frig-intens-in-urmatoarele-ore","status":"publish","type":"post","link":"https:\/\/www.newsrecorder.ro\/app\/2026\/03\/31\/bucuresti-in-alerta-ploi-si-frig-intens-in-urmatoarele-ore\/","title":{"rendered":"Bucure\u0219ti \u00een alert\u0103: Ploi \u0219i frig intens \u00een urm\u0103toarele ore!"},"content":{"rendered":"<p>Potrivit Agen\u021biei Na\u021bionale de Meteorologie (ANM), vremea va fi caracterizat\u0103 de \u00eennor\u0103ri accentuate \u0219i precipita\u021bii semnificative, cu valori \u00eentre 20 \u0219i 30 litri pe metru p\u0103trat.<\/p>\n<p>V\u00e2ntul va avea intensitate slab\u0103 p\u00e2n\u0103 la moderat\u0103, iar temperaturile vor oscila, cu maxime ce se vor apropia de 11 grade Celsius \u0219i minime cuprinse \u00eentre 6 \u0219i 7 grade.<\/p>\n<p>De asemenea, \u00eentre 29 martie, ora 10:00, \u0219i 30 martie, ora 10:00, municipiul Bucure\u0219ti se va afla sub o aten\u021bionare meteorologic\u0103 de tip cod galben, avertiz\u00e2nd asupra ploilor abundente ce se vor \u00eenregistra \u00een aceast\u0103 perioad\u0103.<\/p>\n","protected":false},"excerpt":{"rendered":"<p>Potrivit Agen\u021biei Na\u021bionale de Meteorologie (ANM), vremea va fi caracterizat\u0103 de \u00eennor\u0103ri accentuate \u0219i precipita\u021bii semnificative, cu valori \u00eentre 20 \u0219i 30 litri pe metru p\u0103trat. V\u00e2ntul va avea intensitate slab\u0103 p\u00e2n\u0103 la moderat\u0103, iar temperaturile vor oscila, cu maxime ce se vor apropia de 11 grade Celsius \u0219i minime cuprinse \u00eentre 6 \u0219i 7 [&hellip;]<\/p>\n","protected":false},"author":5,"featured_media":11283,"comment_status":"open","ping_status":"open","sticky":false,"template":"","format":"standard","meta":{"jnews-multi-image_gallery":[],"jnews_single_post":[],"jnews_primary_category":[],"jnews_override_counter":[],"footnotes":""},"categories":[45],"tags":[150,362,196,133,135,126,137,125],"class_list":["post-11282","post","type-post","status-publish","format-standard","has-post-thumbnail","hentry","category-meteo","tag-anm","tag-bucuresti","tag-cod-galben","tag-meteorologie","tag-precipitatii","tag-temperaturi","tag-vant","tag-vreme"],"_links":{"self":[{"href":"https:\/\/www.newsrecorder.ro\/app\/wp-json\/wp\/v2\/posts\/11282","targetHints":{"allow":["GET"]}}],"collection":[{"href":"https:\/\/www.newsrecorder.ro\/app\/wp-json\/wp\/v2\/posts"}],"about":[{"href":"https:\/\/www.newsrecorder.ro\/app\/wp-json\/wp\/v2\/types\/post"}],"author":[{"embeddable":true,"href":"https:\/\/www.newsrecorder.ro\/app\/wp-json\/wp\/v2\/users\/5"}],"replies":[{"embeddable":true,"href":"https:\/\/www.newsrecorder.ro\/app\/wp-json\/wp\/v2\/comments?post=11282"}],"version-history":[{"count":0,"href":"https:\/\/www.newsrecorder.ro\/app\/wp-json\/wp\/v2\/posts\/11282\/revisions"}],"wp:featuredmedia":[{"embeddable":true,"href":"https:\/\/www.newsrecorder.ro\/app\/wp-json\/wp\/v2\/media\/11283"}],"wp:attachment":[{"href":"https:\/\/www.newsrecorder.ro\/app\/wp-json\/wp\/v2\/media?parent=11282"}],"wp:term":[{"taxonomy":"category","embeddable":true,"href":"https:\/\/www.newsrecorder.ro\/app\/wp-json\/wp\/v2\/categories?post=11282"},{"taxonomy":"post_tag","embeddable":true,"href":"https:\/\/www.newsrecorder.ro\/app\/wp-json\/wp\/v2\/tags?post=11282"}],"curies":[{"name":"wp","href":"https:\/\/api.w.org\/{rel}","templated":true}]}}