{"id":11284,"date":"2026-03-31T22:58:03","date_gmt":"2026-03-31T22:58:03","guid":{"rendered":"https:\/\/www.newsrecorder.ro\/app\/2026\/03\/31\/alerta-meteo-ploi-si-ninsori-in-jumatate-din-romania-harta-inclusa-2\/"},"modified":"2026-03-31T22:58:03","modified_gmt":"2026-03-31T22:58:03","slug":"alerta-meteo-ploi-si-ninsori-in-jumatate-din-romania-harta-inclusa-2","status":"publish","type":"post","link":"https:\/\/www.newsrecorder.ro\/app\/2026\/03\/31\/alerta-meteo-ploi-si-ninsori-in-jumatate-din-romania-harta-inclusa-2\/","title":{"rendered":"Alert\u0103 meteo: Ploi \u0219i ninsori \u00een jum\u0103tate din Rom\u00e2nia! HART\u0102 inclus\u0103"},"content":{"rendered":"<p>Avertizarea cod galben, emis\u0103 de Administra\u021bia Na\u021bional\u0103 de Meteorologie (ANM), va r\u0103m\u00e2ne \u00een vigoare p\u00e2n\u0103 luni, la ora 10:00. Aceasta anun\u021b\u0103 precipita\u021bii semnificative, iar \u00een zonele montane, la altitudini de peste 1600 de metri, se a\u0219teapt\u0103 ninsori viscolite care vor duce la formarea unui strat consistent de z\u0103pad\u0103.<\/p>\n<p>Conform prognozei ANM, \u00een intervalul men\u021bionat, regiuni precum Dobrogea, cea mai mare parte a Moldovei \u0219i Munteniei, precum \u0219i sud-estul Transilvaniei, vor fi afectate de ploi abundente. \u00cen zonele montane, precipita\u021biile vor fi mixte, iar \u00een Carpa\u021bii Meridionali \u0219i Orientali, la altitudini mai mari de 1600 m, se va \u00eenregistra ninsoare. Se preconizeaz\u0103 acumul\u0103ri de z\u0103pad\u0103 de 10 p\u00e2n\u0103 la 20 cm, cu viscol, unde rafalele de v\u00e2nt vor atinge viteze de 60 p\u00e2n\u0103 la 70 km\/h. P\u00e2n\u0103 la finalul avertiz\u0103rii, se estimeaz\u0103 c\u0103 se vor acumula cantit\u0103\u021bi de ap\u0103 \u00eentre 25 \u0219i 30 l\/mp, iar \u00een unele zone chiar mai mult, ating\u00e2nd 30 p\u00e2n\u0103 la 40 l\/mp.<\/p>\n<p>De asemenea, ANM a precizat c\u0103 temporar vor exista intensific\u0103ri ale v\u00e2ntului \u00een estul \u0219i sud-vestul \u021b\u0103rii, cu viteze medii de 40 p\u00e2n\u0103 la 50 km\/h.<\/p>\n<p id=\"caption-attachment-23711644\" class=\"wp-caption-text\">Sursa foto: ANM<\/p>\n","protected":false},"excerpt":{"rendered":"<p>Avertizarea cod galben, emis\u0103 de Administra\u021bia Na\u021bional\u0103 de Meteorologie (ANM), va r\u0103m\u00e2ne \u00een vigoare p\u00e2n\u0103 luni, la ora 10:00. Aceasta anun\u021b\u0103 precipita\u021bii semnificative, iar \u00een zonele montane, la altitudini de peste 1600 de metri, se a\u0219teapt\u0103 ninsori viscolite care vor duce la formarea unui strat consistent de z\u0103pad\u0103. Conform prognozei ANM, \u00een intervalul men\u021bionat, regiuni [&hellip;]<\/p>\n","protected":false},"author":5,"featured_media":11285,"comment_status":"open","ping_status":"open","sticky":false,"template":"","format":"standard","meta":{"jnews-multi-image_gallery":[],"jnews_single_post":[],"jnews_primary_category":[],"jnews_override_counter":[],"footnotes":""},"categories":[45],"tags":[1563,1145,196,12771,743,135,1142,729],"class_list":["post-11284","post","type-post","status-publish","format-standard","has-post-thumbnail","hentry","category-meteo","tag-avertizare-meteorologica","tag-carpati","tag-cod-galben","tag-moldavia","tag-ninsoare","tag-precipitatii","tag-viscol","tag-zapada"],"_links":{"self":[{"href":"https:\/\/www.newsrecorder.ro\/app\/wp-json\/wp\/v2\/posts\/11284","targetHints":{"allow":["GET"]}}],"collection":[{"href":"https:\/\/www.newsrecorder.ro\/app\/wp-json\/wp\/v2\/posts"}],"about":[{"href":"https:\/\/www.newsrecorder.ro\/app\/wp-json\/wp\/v2\/types\/post"}],"author":[{"embeddable":true,"href":"https:\/\/www.newsrecorder.ro\/app\/wp-json\/wp\/v2\/users\/5"}],"replies":[{"embeddable":true,"href":"https:\/\/www.newsrecorder.ro\/app\/wp-json\/wp\/v2\/comments?post=11284"}],"version-history":[{"count":0,"href":"https:\/\/www.newsrecorder.ro\/app\/wp-json\/wp\/v2\/posts\/11284\/revisions"}],"wp:featuredmedia":[{"embeddable":true,"href":"https:\/\/www.newsrecorder.ro\/app\/wp-json\/wp\/v2\/media\/11285"}],"wp:attachment":[{"href":"https:\/\/www.newsrecorder.ro\/app\/wp-json\/wp\/v2\/media?parent=11284"}],"wp:term":[{"taxonomy":"category","embeddable":true,"href":"https:\/\/www.newsrecorder.ro\/app\/wp-json\/wp\/v2\/categories?post=11284"},{"taxonomy":"post_tag","embeddable":true,"href":"https:\/\/www.newsrecorder.ro\/app\/wp-json\/wp\/v2\/tags?post=11284"}],"curies":[{"name":"wp","href":"https:\/\/api.w.org\/{rel}","templated":true}]}}