{"id":11286,"date":"2026-03-31T22:58:24","date_gmt":"2026-03-31T22:58:24","guid":{"rendered":"https:\/\/www.newsrecorder.ro\/app\/2026\/03\/31\/hidrologii-avertizeaza-cod-galben-de-inundatii-in-mai-multe-judete\/"},"modified":"2026-03-31T22:58:24","modified_gmt":"2026-03-31T22:58:24","slug":"hidrologii-avertizeaza-cod-galben-de-inundatii-in-mai-multe-judete","status":"publish","type":"post","link":"https:\/\/www.newsrecorder.ro\/app\/2026\/03\/31\/hidrologii-avertizeaza-cod-galben-de-inundatii-in-mai-multe-judete\/","title":{"rendered":"Hidrologii avertizeaz\u0103: Cod galben de inunda\u021bii \u00een mai multe jude\u021be!"},"content":{"rendered":"<p>Prima avertizare emis\u0103 de <a style=\"color: #0000ff\" href=\"https:\/\/www.hidro.ro\/warning\/atentionare-hidrologica-nr-31-din-28-03-2026\/\" target=\"_blank\" rel=\"noopener\">INHGA<\/a> este activ\u0103 \u00eencep\u00e2nd de s\u00e2mb\u0103t\u0103, la ora 11:00, \u0219i va r\u0103m\u00e2ne \u00een vigoare p\u00e2n\u0103 duminic\u0103 diminea\u021ba, la ora 09:00.<\/p>\n<p><strong>Intervalul afectat este 28 martie 2026, ora 11:00 \u2013 29 martie 2026, ora 09:00<\/strong>. Avertizarea se refer\u0103 la r\u00e2urile din bazinele hidrografice: Arie\u0219 (bazin superior \u0219i afluen\u021bi din bazinul mijlociu \u0219i inferior \u00een jude\u021bele Alba \u0219i Cluj), Timi\u0219 (bazin amonte S.H. Sadova), Nera (bazin superior \u0219i afluen\u021bi din bazinul mijlociu \u0219i inferior, jude\u021bul Cara\u0219 Severin), Cerna (bazin superior \u0219i afluen\u021bi din bazinul mijlociu \u0219i inferior \u00een jude\u021bele Gorj \u0219i Cara\u0219 Severin), Jiu (afluen\u021bii aferen\u021bi sectorului aval S.H. Sadu \u2013 amonte S.H. Rovinari, jude\u021bul Gorj), Motru (bazin amonte S.H. T\u00e2rmigani \u0219i afluen\u021bii aferen\u021bi sectorului aval S.H. T\u00e2rmigani \u00een jude\u021bele Gorj \u0219i Mehedin\u021bi), Olt (afluen\u021bii de dreapta aferen\u021bi sectorului aval confluen\u021b\u0103 cu r\u00e2ul Lotru \u2013 amonte Ac. Ione\u0219ti, jude\u021bul V\u00e2lcea) \u0219i Olte\u021b (bazin superior \u00een jude\u021bele Gorj \u0219i V\u00e2lcea).<\/p>\n<p>Pe l\u00e2ng\u0103 prima avertizare, a fost emis\u0103 \u0219i o a doua avertizare de cod galben, care este valabil\u0103 \u00eencep\u00e2nd de ast\u0103zi, la ora 11:00, p\u00e2n\u0103 luni la pr\u00e2nz.<\/p>\n<p><strong>Perioada specificat\u0103 este 28 martie 2026, ora 11:00 \u2013 30 martie 2026, ora 12:00<\/strong>. Aceasta afecteaz\u0103 r\u00e2urile din bazinele hidrografice: Ialomi\u021ba (bazin amonte S.H. Moroeni \u0219i afluen\u021bii aferen\u021bi sectorului aval S.H. Moroeni \u2013 amonte S.H. Sili\u0219tea Snagovului \u00een jude\u021bele D\u00e2mbovi\u021ba, Prahova \u0219i Ilfov), Prahova (bazin superior \u0219i afluen\u021bi din bazinul mijlociu \u0219i inferior \u00een jude\u021bele Prahova \u0219i Ialomi\u021ba), Buz\u0103u (afluen\u021bii aferen\u021bi sectorului aval S.H. Nehoiu \u2013 amonte S.H. Bani\u021ba \u00een jude\u021bele Buz\u0103u \u0219i Prahova), R\u00e2mnicu S\u0103rat (bazin superior \u0219i afluen\u021bi din bazinul mijlociu \u0219i inferior \u00een jude\u021bele Buz\u0103u \u0219i Vrancea), Putna (bazin superior \u0219i afluen\u021bi din bazinul mijlociu \u0219i inferior \u00een jude\u021bul Vrancea), Trotu\u0219 (bazin superior \u0219i afluen\u021bi din bazinul mijlociu \u0219i inferior \u00een jude\u021bele Harghita, Bac\u0103u, Neam\u021b, Covasna \u0219i Vrancea) \u0219i Bistri\u021ba (afluen\u021bii aferen\u021bi sectorului aval S.H. Frumosu \u00een jude\u021bele Neam\u021b, Harghita \u0219i Bac\u0103u).<\/p>\n<p>\u00cen aceste intervale, se preconizeaz\u0103 scurgeri semnificative pe versan\u021bi, toren\u021bi \u0219i p\u00e2raie, precum \u0219i viituri rapide pe r\u00e2urile de mici dimensiuni, ce pot genera inunda\u021bii locale. De asemenea, se a\u0219teapt\u0103 cre\u0219teri ale debitelor \u0219i nivelurilor pe unele dintre r\u00e2urile men\u021bionate, cu riscuri de dep\u0103\u0219ire a cotelor de aten\u021bie.<\/p>\n","protected":false},"excerpt":{"rendered":"<p>Prima avertizare emis\u0103 de INHGA este activ\u0103 \u00eencep\u00e2nd de s\u00e2mb\u0103t\u0103, la ora 11:00, \u0219i va r\u0103m\u00e2ne \u00een vigoare p\u00e2n\u0103 duminic\u0103 diminea\u021ba, la ora 09:00. Intervalul afectat este 28 martie 2026, ora 11:00 \u2013 29 martie 2026, ora 09:00. Avertizarea se refer\u0103 la r\u00e2urile din bazinele hidrografice: Arie\u0219 (bazin superior \u0219i afluen\u021bi din bazinul mijlociu \u0219i [&hellip;]<\/p>\n","protected":false},"author":5,"featured_media":11287,"comment_status":"open","ping_status":"open","sticky":false,"template":"","format":"standard","meta":{"jnews-multi-image_gallery":[],"jnews_single_post":[],"jnews_primary_category":[],"jnews_override_counter":[],"footnotes":""},"categories":[45],"tags":[6181,732,13488,8134,852,8135,149,125],"class_list":["post-11286","post","type-post","status-publish","format-standard","has-post-thumbnail","hentry","category-meteo","tag-apa","tag-avertizare","tag-bazine-hidrografice","tag-inhga","tag-judete","tag-rauri","tag-romania","tag-vreme"],"_links":{"self":[{"href":"https:\/\/www.newsrecorder.ro\/app\/wp-json\/wp\/v2\/posts\/11286","targetHints":{"allow":["GET"]}}],"collection":[{"href":"https:\/\/www.newsrecorder.ro\/app\/wp-json\/wp\/v2\/posts"}],"about":[{"href":"https:\/\/www.newsrecorder.ro\/app\/wp-json\/wp\/v2\/types\/post"}],"author":[{"embeddable":true,"href":"https:\/\/www.newsrecorder.ro\/app\/wp-json\/wp\/v2\/users\/5"}],"replies":[{"embeddable":true,"href":"https:\/\/www.newsrecorder.ro\/app\/wp-json\/wp\/v2\/comments?post=11286"}],"version-history":[{"count":0,"href":"https:\/\/www.newsrecorder.ro\/app\/wp-json\/wp\/v2\/posts\/11286\/revisions"}],"wp:featuredmedia":[{"embeddable":true,"href":"https:\/\/www.newsrecorder.ro\/app\/wp-json\/wp\/v2\/media\/11287"}],"wp:attachment":[{"href":"https:\/\/www.newsrecorder.ro\/app\/wp-json\/wp\/v2\/media?parent=11286"}],"wp:term":[{"taxonomy":"category","embeddable":true,"href":"https:\/\/www.newsrecorder.ro\/app\/wp-json\/wp\/v2\/categories?post=11286"},{"taxonomy":"post_tag","embeddable":true,"href":"https:\/\/www.newsrecorder.ro\/app\/wp-json\/wp\/v2\/tags?post=11286"}],"curies":[{"name":"wp","href":"https:\/\/api.w.org\/{rel}","templated":true}]}}