{"id":11290,"date":"2026-03-31T22:58:59","date_gmt":"2026-03-31T22:58:59","guid":{"rendered":"https:\/\/www.newsrecorder.ro\/app\/2026\/03\/31\/alerta-de-vant-cod-portocaliu-pentru-muntii-din-doua-judete\/"},"modified":"2026-03-31T22:58:59","modified_gmt":"2026-03-31T22:58:59","slug":"alerta-de-vant-cod-portocaliu-pentru-muntii-din-doua-judete","status":"publish","type":"post","link":"https:\/\/www.newsrecorder.ro\/app\/2026\/03\/31\/alerta-de-vant-cod-portocaliu-pentru-muntii-din-doua-judete\/","title":{"rendered":"Alert\u0103 de v\u00e2nt: Cod portocaliu pentru mun\u021bii din dou\u0103 jude\u021be!"},"content":{"rendered":"<p>Conform informa\u021biilor furnizate de Administra\u021bia Na\u021bional\u0103 de Meteorologie (ANM), a fost emis\u0103 o avertizare nowcasting de cod portocaliu privind intensific\u0103rile v\u00e2ntului, valabil\u0103 \u00een perioada 27 martie, ora 21:00, p\u00e2n\u0103 pe 28 martie, ora 00:00.<\/p>\n<p>Avertizarea se aplic\u0103 \u00een special pentru zonele montane din jude\u021bele Cara\u0219-Severin \u0219i Hunedoara, la altitudini ce dep\u0103\u0219esc 1.800 de metri.<\/p>\n<p>Meteorologii indic\u0103 faptul c\u0103 \u00een aceast\u0103 perioad\u0103 se vor \u00eenregistra ninsori, \u00eenso\u021bite de v\u00e2nturi puternice, cu rafale ce vor atinge viteze de 85-120 km\/h. Aceste condi\u021bii meteorologice vor determina o sc\u0103dere semnificativ\u0103 a vizibilit\u0103\u021bii, care va fi sub 50 de metri la altitudini de peste 1.800 de metri.<\/p>\n<p>\u00cen aceste condi\u021bii severe, autorit\u0103\u021bile au emis \u0219i un mesaj RO-Alert pentru jude\u021bul Hunedoara, avertiz\u00e2nd locuitorii despre pericolele asociate.<\/p>\n<p>De asemenea, vineri, ANM a extins avertiz\u0103rile, emis\u00e2nd un cod portocaliu de v\u00e2nt puternic pentru mai multe localit\u0103\u021bi din jude\u021bele Olt \u0219i V\u00e2lcea, unde rafalele pot ajunge p\u00e2n\u0103 la 80 km\/h. Pentru mai multe detalii, pute\u021bi consulta <a style=\"color: #0000ff\" href=\"https:\/\/www.mediafax.ro\/meteo\/anm-cod-portocaliu-de-vant-puternic-in-zeci-de-localitati-din-olt-si-valcea-23711094\">articolul ANM<\/a>.<\/p>\n","protected":false},"excerpt":{"rendered":"<p>Conform informa\u021biilor furnizate de Administra\u021bia Na\u021bional\u0103 de Meteorologie (ANM), a fost emis\u0103 o avertizare nowcasting de cod portocaliu privind intensific\u0103rile v\u00e2ntului, valabil\u0103 \u00een perioada 27 martie, ora 21:00, p\u00e2n\u0103 pe 28 martie, ora 00:00. Avertizarea se aplic\u0103 \u00een special pentru zonele montane din jude\u021bele Cara\u0219-Severin \u0219i Hunedoara, la altitudini ce dep\u0103\u0219esc 1.800 de metri. Meteorologii [&hellip;]<\/p>\n","protected":false},"author":5,"featured_media":11291,"comment_status":"open","ping_status":"open","sticky":false,"template":"","format":"standard","meta":{"jnews-multi-image_gallery":[],"jnews_single_post":[],"jnews_primary_category":[],"jnews_override_counter":[],"footnotes":""},"categories":[45],"tags":[14188,10107,1140,14189,133,127,8158,994],"class_list":["post-11290","post","type-post","status-publish","format-standard","has-post-thumbnail","hentry","category-meteo","tag-avertizare-nowcasting","tag-caras-severin","tag-cod-portocaliu","tag-hunedoara","tag-meteorologie","tag-ninsori","tag-ro-alert","tag-vant-puternic"],"_links":{"self":[{"href":"https:\/\/www.newsrecorder.ro\/app\/wp-json\/wp\/v2\/posts\/11290","targetHints":{"allow":["GET"]}}],"collection":[{"href":"https:\/\/www.newsrecorder.ro\/app\/wp-json\/wp\/v2\/posts"}],"about":[{"href":"https:\/\/www.newsrecorder.ro\/app\/wp-json\/wp\/v2\/types\/post"}],"author":[{"embeddable":true,"href":"https:\/\/www.newsrecorder.ro\/app\/wp-json\/wp\/v2\/users\/5"}],"replies":[{"embeddable":true,"href":"https:\/\/www.newsrecorder.ro\/app\/wp-json\/wp\/v2\/comments?post=11290"}],"version-history":[{"count":0,"href":"https:\/\/www.newsrecorder.ro\/app\/wp-json\/wp\/v2\/posts\/11290\/revisions"}],"wp:featuredmedia":[{"embeddable":true,"href":"https:\/\/www.newsrecorder.ro\/app\/wp-json\/wp\/v2\/media\/11291"}],"wp:attachment":[{"href":"https:\/\/www.newsrecorder.ro\/app\/wp-json\/wp\/v2\/media?parent=11290"}],"wp:term":[{"taxonomy":"category","embeddable":true,"href":"https:\/\/www.newsrecorder.ro\/app\/wp-json\/wp\/v2\/categories?post=11290"},{"taxonomy":"post_tag","embeddable":true,"href":"https:\/\/www.newsrecorder.ro\/app\/wp-json\/wp\/v2\/tags?post=11290"}],"curies":[{"name":"wp","href":"https:\/\/api.w.org\/{rel}","templated":true}]}}