{"id":11296,"date":"2026-03-31T22:59:47","date_gmt":"2026-03-31T22:59:47","guid":{"rendered":"https:\/\/www.newsrecorder.ro\/app\/2026\/03\/31\/bucuresti-vreme-capricioasa-ploi-si-vant-puternic-in-weekend\/"},"modified":"2026-03-31T22:59:47","modified_gmt":"2026-03-31T22:59:47","slug":"bucuresti-vreme-capricioasa-ploi-si-vant-puternic-in-weekend","status":"publish","type":"post","link":"https:\/\/www.newsrecorder.ro\/app\/2026\/03\/31\/bucuresti-vreme-capricioasa-ploi-si-vant-puternic-in-weekend\/","title":{"rendered":"Bucure\u0219ti: Vreme capricioas\u0103! Ploi \u0219i v\u00e2nt puternic \u00een weekend!"},"content":{"rendered":"<p class=\"font-claude-response-body break-words whitespace-normal leading-[1.7]\">P\u00e2n\u0103 vineri, 27 martie, la ora 08:00, vremea \u00een Bucure\u0219ti va fi predominant frumoas\u0103, cu temperaturi ce dep\u0103\u0219esc media obi\u0219nuit\u0103 a sezonului. Cerul va prezenta varia\u021bii, iar v\u00e2ntul va sufla cu o intensitate slab\u0103 \u0219i moderat\u0103. Noaptea, se preconizeaz\u0103 u\u0219oare intensific\u0103ri ale v\u00e2ntului, cu rafale ce pot atinge 45 km\/h. Temperaturile vor oscila \u00eentre 18-19 grade Celsius la amiaz\u0103 \u0219i 4-5 grade Celsius noaptea.<\/p>\n<p class=\"font-claude-response-body break-words whitespace-normal leading-[1.7]\">\u00cen ziua de vineri, 27 martie, vremea se va \u00eenc\u0103lzi u\u0219or, dar norii vor deveni tot mai prezen\u021bi. Din dup\u0103-amiaz\u0103, se a\u0219teapt\u0103 precipita\u021bii sub form\u0103 de averse moderate. V\u00e2ntul va avea intensific\u0103ri, mai ales \u00een prima parte a zilei, cu rafale \u00eentre 50-55 km\/h. Temperaturile maxime vor fi de 15-16 grade, iar cele minime de 5-7 grade.<\/p>\n<p class=\"font-claude-response-body break-words whitespace-normal leading-[1.7]\">S\u00e2mb\u0103t\u0103, 28 martie, vremea va lua o turnur\u0103 r\u0103coroas\u0103. Cerul va fi acoperit de nori \u0219i precipita\u021biile vor fi moderate cantitativ. V\u00e2ntul va continua s\u0103 sufle moderat. Temperaturile se vor \u00eencadra \u00eentre 10-11 grade Celsius la amiaz\u0103 \u0219i 4-5 grade Celsius noaptea.<\/p>\n<p class=\"font-claude-response-body break-words whitespace-normal leading-[1.7]\">Duminica, 29 martie, \u00eentre ora 09:00 \u0219i luni, 30 martie, ora 10:00, se preconizeaz\u0103 un cer \u00eennorat \u0219i ploi. V\u00e2ntul va fi slab p\u00e2n\u0103 la moderat, iar temperaturile maxime se vor situa \u00een jurul valorii de 11 grade, cu minime de 5-6 grade.<\/p>\n<p class=\"font-claude-response-body break-words whitespace-normal leading-[1.7]\">Pe parcursul perioadei 26 martie, ora 12:00 \u2013 30 martie, ora 10:00, \u00een Bucure\u0219ti va fi \u00een vigoare o informare meteorologic\u0103 referitoare la intensific\u0103ri ale v\u00e2ntului \u0219i ploi moderate cantitativ.<\/p>\n","protected":false},"excerpt":{"rendered":"<p>P\u00e2n\u0103 vineri, 27 martie, la ora 08:00, vremea \u00een Bucure\u0219ti va fi predominant frumoas\u0103, cu temperaturi ce dep\u0103\u0219esc media obi\u0219nuit\u0103 a sezonului. Cerul va prezenta varia\u021bii, iar v\u00e2ntul va sufla cu o intensitate slab\u0103 \u0219i moderat\u0103. Noaptea, se preconizeaz\u0103 u\u0219oare intensific\u0103ri ale v\u00e2ntului, cu rafale ce pot atinge 45 km\/h. Temperaturile vor oscila \u00eentre 18-19 [&hellip;]<\/p>\n","protected":false},"author":5,"featured_media":11297,"comment_status":"open","ping_status":"open","sticky":false,"template":"","format":"standard","meta":{"jnews-multi-image_gallery":[],"jnews_single_post":[],"jnews_primary_category":[],"jnews_override_counter":[],"footnotes":""},"categories":[45],"tags":[362,11117,5163,135,132,126,137,125],"class_list":["post-11296","post","type-post","status-publish","format-standard","has-post-thumbnail","hentry","category-meteo","tag-bucuresti","tag-cer","tag-martie","tag-precipitatii","tag-prognoza","tag-temperaturi","tag-vant","tag-vreme"],"_links":{"self":[{"href":"https:\/\/www.newsrecorder.ro\/app\/wp-json\/wp\/v2\/posts\/11296","targetHints":{"allow":["GET"]}}],"collection":[{"href":"https:\/\/www.newsrecorder.ro\/app\/wp-json\/wp\/v2\/posts"}],"about":[{"href":"https:\/\/www.newsrecorder.ro\/app\/wp-json\/wp\/v2\/types\/post"}],"author":[{"embeddable":true,"href":"https:\/\/www.newsrecorder.ro\/app\/wp-json\/wp\/v2\/users\/5"}],"replies":[{"embeddable":true,"href":"https:\/\/www.newsrecorder.ro\/app\/wp-json\/wp\/v2\/comments?post=11296"}],"version-history":[{"count":0,"href":"https:\/\/www.newsrecorder.ro\/app\/wp-json\/wp\/v2\/posts\/11296\/revisions"}],"wp:featuredmedia":[{"embeddable":true,"href":"https:\/\/www.newsrecorder.ro\/app\/wp-json\/wp\/v2\/media\/11297"}],"wp:attachment":[{"href":"https:\/\/www.newsrecorder.ro\/app\/wp-json\/wp\/v2\/media?parent=11296"}],"wp:term":[{"taxonomy":"category","embeddable":true,"href":"https:\/\/www.newsrecorder.ro\/app\/wp-json\/wp\/v2\/categories?post=11296"},{"taxonomy":"post_tag","embeddable":true,"href":"https:\/\/www.newsrecorder.ro\/app\/wp-json\/wp\/v2\/tags?post=11296"}],"curies":[{"name":"wp","href":"https:\/\/api.w.org\/{rel}","templated":true}]}}