{"id":11324,"date":"2026-03-31T23:41:42","date_gmt":"2026-03-31T23:41:42","guid":{"rendered":"https:\/\/www.newsrecorder.ro\/app\/2026\/03\/31\/oana-toiu-masacrul-de-la-bucea-o-tragedie-ce-nu-ar-fi-trebuit-sa-existe\/"},"modified":"2026-03-31T23:41:42","modified_gmt":"2026-03-31T23:41:42","slug":"oana-toiu-masacrul-de-la-bucea-o-tragedie-ce-nu-ar-fi-trebuit-sa-existe","status":"publish","type":"post","link":"https:\/\/www.newsrecorder.ro\/app\/2026\/03\/31\/oana-toiu-masacrul-de-la-bucea-o-tragedie-ce-nu-ar-fi-trebuit-sa-existe\/","title":{"rendered":"Oana \u021aoiu: Masacrul de la Bucea, o tragedie ce nu ar fi trebuit s\u0103 existe"},"content":{"rendered":"<p>Ministrul Oana \u021aoiu a efectuat o vizit\u0103 la o expozi\u021bie care ilustreaz\u0103 realitatea brutal\u0103 a ocupa\u021biei militare ruse, prezent\u00e2nd dovezi materiale \u0219i m\u0103rturii, precum \u0219i o reconstituire a cronologiei violen\u021belor. Cu aceast\u0103 ocazie, ea a subliniat c\u0103 \u201eoamenii uci\u0219i la Bucea nu vor fi niciodat\u0103 uita\u021bi. Masacrele asupra civililor, precum cel de la Bucea, nu ar fi trebuit s\u0103 aib\u0103 loc \u0219i nu trebuie s\u0103 se repete\u201d.<\/p>\n<p>\u00cen cadrul sesiunilor plenare, mini\u0219trii europeni \u0219i oficialii de rang \u00eenalt din Kiev au purtat discu\u021bii profunde despre evolu\u021biile recente \u00een domeniul securit\u0103\u021bii regionale, suportul multidimensional acordat Ucrainei, precum \u0219i despre eforturile de responsabilizare a Rusiei \u0219i diminuarea capacit\u0103\u021bii acesteia de a sus\u021bine r\u0103zboiul. Prezen\u021ba mini\u0219trilor Uniunii Europene la Kiev a transmis un mesaj clar de sus\u021binere fa\u021b\u0103 de eforturile Ucrainei de a-\u0219i ap\u0103ra suveranitatea, integritatea teritorial\u0103 \u0219i independen\u021ba \u00een fa\u021ba agresiunii militare ruse.<\/p>\n<p>Oana \u021aoiu a reamintit angajamentul Rom\u00e2niei fa\u021b\u0103 de Ucraina, subliniind c\u0103 securitatea european\u0103, \u00een special cea regional\u0103, este str\u00e2ns legat\u0103 de evolu\u021biile din Ucraina. Ea a condamnat atacurile continue ale Rusiei asupra infrastructurii ucrainene, care au efecte devastatoare asupra civililor \u0219i repercusiuni asupra statelor vecine, cit\u00e2nd exemple recente, cum ar fi poluarea r\u00e2ului Nistru \u0219i afectarea liniei electrice de \u00eenalt\u0103 tensiune Isaccea-Vulc\u0103ne\u0219ti. De asemenea, a eviden\u021biat c\u0103 rezilien\u021ba societ\u0103\u021bii ucrainene \u0219i lec\u021biile dureroase ale r\u0103zboiului subliniaz\u0103 importan\u021ba unei cooper\u0103ri mai str\u00e2nse cu Ucraina, pun\u00e2nd accent pe sprijinul pentru veterani \u0219i reintegrarea social\u0103 a acestora, domenii \u00een care Rom\u00e2nia poate contribui cu experien\u021ba sa \u0219i cu instrumentele de asisten\u021b\u0103 ale Uniunii Europene.<\/p>\n<p>Ministrul a subliniat c\u0103 o pace just\u0103 nu poate fi construit\u0103 pe baza impunit\u0103\u021bii, prezent\u00e2nd progresele \u00eenregistrate de Rom\u00e2nia \u00een ratificarea Conven\u021biei de \u00eenfiin\u021bare a Comisiei interna\u021bionale pentru cererile de desp\u0103gubiri pentru Ucraina, semnat\u0103 la Haga \u00een decembrie 2025, precum \u0219i demersurile legate de participarea Rom\u00e2niei la Tribunalul special pentru judecarea crimei de agresiune comise \u00een Ucraina.<\/p>\n<p>\u00cen prezen\u021ba pre\u0219edintelui Volodimir Zelenski, Oana \u021aoiu a men\u021bionat rezultatele pozitive ale vizitei acestuia la Bucure\u0219ti, \u00een special consolidarea rela\u021biilor bilaterale la nivel de parteneriat strategic, colaborarea \u00een domeniul industriei de ap\u0103rare \u0219i proiectele de conectivitate, care vizeaz\u0103 \u00eembun\u0103t\u0103\u021birea securit\u0103\u021bii energetice. De asemenea, ministrul rom\u00e2n a reafirmat sprijinul Rom\u00e2niei pentru avansarea procesului de aderare a Ucrainei \u0219i Republicii Moldova la Uniunea European\u0103, subliniind necesitatea dep\u0103\u0219irii actualelor blocaje.<\/p>\n<p>\u00cen cadrul \u00eent\u00e2lnirii bilaterale cu Andrii Sybiha, Oana \u021aoiu a accentuat importan\u021ba punerii \u00een aplicare a deciziilor adoptate \u00een urma vizitei pre\u0219edintelui Zelenski la Bucure\u0219ti, \u00een spiritul Parteneriatului Strategic. Ea a subliniat, de asemenea, importan\u021ba g\u0103sirii de solu\u021bii durabile pentru problemele comunit\u0103\u021bii rom\u00e2ne\u0219ti din Ucraina, inclusiv consolidarea \u00eenv\u0103\u021b\u0103m\u00e2ntului \u00een limba rom\u00e2n\u0103. Respectarea drepturilor minorit\u0103\u021bilor na\u021bionale este parte integrant\u0103 a valorilor europene comune asumate de Rom\u00e2nia \u0219i Ucraina.<\/p>\n<p>Cu ocazia vizitei la Kiev, Oana \u021aoiu a avut ocazia s\u0103 se \u00eent\u00e2lneasc\u0103 \u0219i cu exper\u021bi rom\u00e2ni care activeaz\u0103 \u00een cadrul Misiunii de Asisten\u021b\u0103 a Uniunii Europene pentru Ucraina sau \u00een alte agen\u021bii interna\u021bionale care ofer\u0103 suport Ucrainei. Ea a apreciat \u00een mod special expertiza acestor speciali\u0219ti \u00een domeniul asisten\u021bei umanitare \u0219i \u00een procesul de reconstruc\u021bie post-conflict.<\/p>\n","protected":false},"excerpt":{"rendered":"<p>Ministrul Oana \u021aoiu a efectuat o vizit\u0103 la o expozi\u021bie care ilustreaz\u0103 realitatea brutal\u0103 a ocupa\u021biei militare ruse, prezent\u00e2nd dovezi materiale \u0219i m\u0103rturii, precum \u0219i o reconstituire a cronologiei violen\u021belor. Cu aceast\u0103 ocazie, ea a subliniat c\u0103 \u201eoamenii uci\u0219i la Bucea nu vor fi niciodat\u0103 uita\u021bi. Masacrele asupra civililor, precum cel de la Bucea, nu [&hellip;]<\/p>\n","protected":false},"author":2,"featured_media":11325,"comment_status":"open","ping_status":"open","sticky":false,"template":"","format":"standard","meta":{"jnews-multi-image_gallery":[],"jnews_single_post":[],"jnews_primary_category":[],"jnews_override_counter":[],"footnotes":""},"categories":[42],"tags":[14213,5810,14214,3115,14212,3284,682,321],"class_list":["post-11324","post","type-post","status-publish","format-standard","has-post-thumbnail","hentry","category-politica","tag-bucea","tag-expozitie","tag-masacre","tag-oana-toiu","tag-ocupatie-militara","tag-securitate-regionala","tag-ucraina","tag-uniunea-europeana"],"_links":{"self":[{"href":"https:\/\/www.newsrecorder.ro\/app\/wp-json\/wp\/v2\/posts\/11324","targetHints":{"allow":["GET"]}}],"collection":[{"href":"https:\/\/www.newsrecorder.ro\/app\/wp-json\/wp\/v2\/posts"}],"about":[{"href":"https:\/\/www.newsrecorder.ro\/app\/wp-json\/wp\/v2\/types\/post"}],"author":[{"embeddable":true,"href":"https:\/\/www.newsrecorder.ro\/app\/wp-json\/wp\/v2\/users\/2"}],"replies":[{"embeddable":true,"href":"https:\/\/www.newsrecorder.ro\/app\/wp-json\/wp\/v2\/comments?post=11324"}],"version-history":[{"count":0,"href":"https:\/\/www.newsrecorder.ro\/app\/wp-json\/wp\/v2\/posts\/11324\/revisions"}],"wp:featuredmedia":[{"embeddable":true,"href":"https:\/\/www.newsrecorder.ro\/app\/wp-json\/wp\/v2\/media\/11325"}],"wp:attachment":[{"href":"https:\/\/www.newsrecorder.ro\/app\/wp-json\/wp\/v2\/media?parent=11324"}],"wp:term":[{"taxonomy":"category","embeddable":true,"href":"https:\/\/www.newsrecorder.ro\/app\/wp-json\/wp\/v2\/categories?post=11324"},{"taxonomy":"post_tag","embeddable":true,"href":"https:\/\/www.newsrecorder.ro\/app\/wp-json\/wp\/v2\/tags?post=11324"}],"curies":[{"name":"wp","href":"https:\/\/api.w.org\/{rel}","templated":true}]}}