{"id":11326,"date":"2026-03-31T23:42:01","date_gmt":"2026-03-31T23:42:01","guid":{"rendered":"https:\/\/www.newsrecorder.ro\/app\/2026\/03\/31\/miruta-negociaza-cu-oficialul-ucrainean-despre-productia-de-drone\/"},"modified":"2026-03-31T23:42:01","modified_gmt":"2026-03-31T23:42:01","slug":"miruta-negociaza-cu-oficialul-ucrainean-despre-productia-de-drone","status":"publish","type":"post","link":"https:\/\/www.newsrecorder.ro\/app\/2026\/03\/31\/miruta-negociaza-cu-oficialul-ucrainean-despre-productia-de-drone\/","title":{"rendered":"Miru\u021b\u0103 negociaz\u0103 cu oficialul ucrainean despre produc\u021bia de drone!"},"content":{"rendered":"<p>\u00cen cadrul unei \u00eent\u00e2lniri recente, oficialii din domeniul ap\u0103r\u0103rii din Rom\u00e2nia \u0219i Ucraina au discutat despre oportunit\u0103\u021bile de colaborare viitoare \u00eentre ministerele de ap\u0103rare ale celor dou\u0103 \u021b\u0103ri. Aceast\u0103 conversa\u021bie a avut loc \u00een contextul Parteneriatului strategic recent semnat de pre\u0219edin\u021bii Rom\u00e2niei \u0219i Ucrainei, precum \u0219i al implement\u0103rii Instrumentului financiar \u201eAc\u021biunea pentru securitatea Europei\u201d (SAFE).<\/p>\n<p>Printre subiectele abordate s-a num\u0103rat \u0219i posibilitatea dezvolt\u0103rii \u0219i produc\u021biei de aeronave f\u0103r\u0103 pilot \u00een colaborare direct\u0103 cu Ucraina, incluz\u00e2nd op\u021biuni pentru transferul de tehnologie. Ministrul Miru\u021b\u0103 a subliniat importan\u021ba acestei colabor\u0103ri, men\u021bion\u00e2nd c\u0103 proiectul beneficiaz\u0103 de o alocare de 200 de milioane de euro prin programul SAFE, fiind o coproduc\u021bie. \u201e\u00cemi doresc ca Ministerul Ap\u0103r\u0103rii Na\u021bionale s\u0103 fie un actor central \u00een acest parteneriat, nu doar un simplu beneficiar. De aceea, \u00een aceste zile, lucr\u0103m la formarea unei echipe dedicate acestui proiect, iar termenul de semnare a contractului este stabilit pentru sf\u00e2r\u0219itul lunii mai,\u201d a declarat ministrul.<\/p>\n<p>Ministrul ap\u0103r\u0103rii na\u021bionale a subliniat avantajele acestei colabor\u0103ri, afirm\u00e2nd c\u0103 Rom\u00e2nia va beneficia de experien\u021ba Ucrainei acumulat\u0103 pe c\u00e2mpul de lupt\u0103, av\u00e2nd astfel acces la personal \u0219i infrastructur\u0103 necesar\u0103 pentru a produce tehnologie de ultim\u0103 genera\u021bie atunci c\u00e2nd va fi necesar. \u00cen acela\u0219i timp, a eviden\u021biat c\u0103 participarea Rom\u00e2niei la proiectul SAFE va contribui la finan\u021barea produc\u021biei de drone, ceea ce va reprezenta un beneficiu considerabil \u0219i pentru Ucraina.<\/p>\n<p>Continua interac\u021biune dintre speciali\u0219ti \u0219i companii din Rom\u00e2nia \u0219i Ucraina va avea loc \u00een zilele urm\u0103toare, cu participarea a 15 companii ucrainene care \u00ee\u0219i vor prezenta portofoliile \u0219i capacit\u0103\u021bile tehnice. Aceast\u0103 colaborare \u00een domeniul ap\u0103r\u0103rii promite s\u0103 \u00eent\u0103reasc\u0103 leg\u0103turile dintre cele dou\u0103 na\u021biuni \u0219i s\u0103 contribuie la securitatea regional\u0103.<\/p>\n<p>La \u00eent\u00e2lnirea de mar\u021bi au fost prezen\u021bi personalit\u0103\u021bi importante din domeniul ap\u0103r\u0103rii, inclusiv \u0219eful Statului Major al Ap\u0103r\u0103rii, generalul Gheorghi\u021b\u0103 Vlad, \u0219eful Direc\u021biei generale pentru armamente, generalul-maior Ion-Cornel Ple\u0219a, \u0219i \u0219eful Comandamentului Ap\u0103r\u0103rii Cibernetice, generalul de brigad\u0103 R\u0103zvan Marian Tudose.<\/p>\n","protected":false},"excerpt":{"rendered":"<p>\u00cen cadrul unei \u00eent\u00e2lniri recente, oficialii din domeniul ap\u0103r\u0103rii din Rom\u00e2nia \u0219i Ucraina au discutat despre oportunit\u0103\u021bile de colaborare viitoare \u00eentre ministerele de ap\u0103rare ale celor dou\u0103 \u021b\u0103ri. Aceast\u0103 conversa\u021bie a avut loc \u00een contextul Parteneriatului strategic recent semnat de pre\u0219edin\u021bii Rom\u00e2niei \u0219i Ucrainei, precum \u0219i al implement\u0103rii Instrumentului financiar \u201eAc\u021biunea pentru securitatea Europei\u201d (SAFE). [&hellip;]<\/p>\n","protected":false},"author":2,"featured_media":11327,"comment_status":"open","ping_status":"open","sticky":false,"template":"","format":"standard","meta":{"jnews-multi-image_gallery":[],"jnews_single_post":[],"jnews_primary_category":[],"jnews_override_counter":[],"footnotes":""},"categories":[42],"tags":[14216,14215,409,472,905,149,4900,682],"class_list":["post-11326","post","type-post","status-publish","format-standard","has-post-thumbnail","hentry","category-politica","tag-actiunea-pentru-securitatea-europei","tag-aeronave-fara-pilot","tag-aparare","tag-ministerul-apararii","tag-parteneriat-strategic","tag-romania","tag-transfer-de-tehnologie","tag-ucraina"],"_links":{"self":[{"href":"https:\/\/www.newsrecorder.ro\/app\/wp-json\/wp\/v2\/posts\/11326","targetHints":{"allow":["GET"]}}],"collection":[{"href":"https:\/\/www.newsrecorder.ro\/app\/wp-json\/wp\/v2\/posts"}],"about":[{"href":"https:\/\/www.newsrecorder.ro\/app\/wp-json\/wp\/v2\/types\/post"}],"author":[{"embeddable":true,"href":"https:\/\/www.newsrecorder.ro\/app\/wp-json\/wp\/v2\/users\/2"}],"replies":[{"embeddable":true,"href":"https:\/\/www.newsrecorder.ro\/app\/wp-json\/wp\/v2\/comments?post=11326"}],"version-history":[{"count":0,"href":"https:\/\/www.newsrecorder.ro\/app\/wp-json\/wp\/v2\/posts\/11326\/revisions"}],"wp:featuredmedia":[{"embeddable":true,"href":"https:\/\/www.newsrecorder.ro\/app\/wp-json\/wp\/v2\/media\/11327"}],"wp:attachment":[{"href":"https:\/\/www.newsrecorder.ro\/app\/wp-json\/wp\/v2\/media?parent=11326"}],"wp:term":[{"taxonomy":"category","embeddable":true,"href":"https:\/\/www.newsrecorder.ro\/app\/wp-json\/wp\/v2\/categories?post=11326"},{"taxonomy":"post_tag","embeddable":true,"href":"https:\/\/www.newsrecorder.ro\/app\/wp-json\/wp\/v2\/tags?post=11326"}],"curies":[{"name":"wp","href":"https:\/\/api.w.org\/{rel}","templated":true}]}}