{"id":11330,"date":"2026-03-31T23:43:01","date_gmt":"2026-03-31T23:43:01","guid":{"rendered":"https:\/\/www.newsrecorder.ro\/app\/2026\/03\/31\/ilie-bolojan-sustinem-cu-tarie-parcursul-european-al-moldovei\/"},"modified":"2026-03-31T23:43:01","modified_gmt":"2026-03-31T23:43:01","slug":"ilie-bolojan-sustinem-cu-tarie-parcursul-european-al-moldovei","status":"publish","type":"post","link":"https:\/\/www.newsrecorder.ro\/app\/2026\/03\/31\/ilie-bolojan-sustinem-cu-tarie-parcursul-european-al-moldovei\/","title":{"rendered":"Ilie Bolojan: Sus\u021binem cu t\u0103rie parcursul european al Moldovei!"},"content":{"rendered":"<p>\u00cen cadrul unei \u00eent\u00e2lniri importante desf\u0103\u0219urate la Palatul Victoria, prim-ministrul Ilie Bolojan a reafirmat angajamentul Rom\u00e2niei fa\u021b\u0103 de integrarea european\u0103 a Republicii Moldova.<\/p>\n<p>\u201eRom\u00e2nia sprijin\u0103 parcursul european al Republicii Moldova \u0219i salut\u0103 ini\u021bierea negocierilor tehnice cu Uniunea European\u0103. Ne angaj\u0103m s\u0103 continu\u0103m acest proces \u0219i la nivel politic. De asemenea, exper\u021bii rom\u00e2ni colaboreaz\u0103 cu autorit\u0103\u021bile de la Chi\u0219in\u0103u pentru a alinia legisla\u021bia \u0219i practicile la standardele europene\u201d, a declarat prim-ministrul Bolojan, conform unui comunicat de pres\u0103 oficial.<\/p>\n<p>De asemenea, premierul moldovean Alexandru Munteanu a transmis mul\u021bumiri Guvernului Rom\u00e2niei pentru sprijinul constant acordat \u021b\u0103rii sale. \u201eMul\u021bumesc, domnule Prim-ministru Ilie Bolojan, pentru prietenia pe care o oferi\u021bi \u0219i pentru determinarea cu care lucr\u0103m \u00eempreun\u0103 pentru a construi drumul nostru spre marea familie european\u0103\u201d, a scris acesta \u00eentr-un mesaj publicat pe Facebook.<\/p>\n<p>Pe agenda discu\u021biilor s-au aflat o serie de proiecte menite s\u0103 faciliteze at\u00e2t interconectarea rutier\u0103, c\u00e2t \u0219i cea energetic\u0103 \u00eentre cele dou\u0103 \u021b\u0103ri.<\/p>\n<p>\u201ePrim-mini\u0219trii Ilie Bolojan \u0219i Alexandru Munteanu au discutat despre stadiul implement\u0103rii proiectelor comune de interconectare, \u00eembun\u0103t\u0103\u021birea condi\u021biilor de tranzit la frontier\u0103 pentru cet\u0103\u021beni \u0219i m\u0103rfuri, precum \u0219i colaborarea strategic\u0103 \u00een domeniile infrastructurii energetice \u0219i de transport. Accentul a fost pus pe preluarea de c\u0103tre Portul Constan\u021ba a Portului Giurgiule\u0219ti \u0219i pe realizarea Autostr\u0103zii A8, Pa\u0219cani-Ia\u0219i-Ungheni\u201d, se men\u021bioneaz\u0103 \u00een comunicatul emis de Guvern.<\/p>\n<p>\u201e\u0218eful Executivului rom\u00e2n a subliniat importan\u021ba cre\u0219terii schimburilor comerciale bilaterale \u0219i atragerii de investi\u021bii, aspecte ce vor contribui la crearea de locuri de munc\u0103 \u0219i noi oportunit\u0103\u021bi pentru companii\u201d, se precizeaz\u0103 \u00een informarea oficial\u0103. <\/p>\n","protected":false},"excerpt":{"rendered":"<p>\u00cen cadrul unei \u00eent\u00e2lniri importante desf\u0103\u0219urate la Palatul Victoria, prim-ministrul Ilie Bolojan a reafirmat angajamentul Rom\u00e2niei fa\u021b\u0103 de integrarea european\u0103 a Republicii Moldova. \u201eRom\u00e2nia sprijin\u0103 parcursul european al Republicii Moldova \u0219i salut\u0103 ini\u021bierea negocierilor tehnice cu Uniunea European\u0103. Ne angaj\u0103m s\u0103 continu\u0103m acest proces \u0219i la nivel politic. De asemenea, exper\u021bii rom\u00e2ni colaboreaz\u0103 cu autorit\u0103\u021bile [&hellip;]<\/p>\n","protected":false},"author":2,"featured_media":11331,"comment_status":"open","ping_status":"open","sticky":false,"template":"","format":"standard","meta":{"jnews-multi-image_gallery":[],"jnews_single_post":[],"jnews_primary_category":[],"jnews_override_counter":[],"footnotes":""},"categories":[42],"tags":[11230,7045,532,686,285,149,2586,321],"class_list":["post-11330","post","type-post","status-publish","format-standard","has-post-thumbnail","hentry","category-politica","tag-chisinau","tag-integrare-europeana","tag-legislatie","tag-negocieri","tag-republica-moldova","tag-romania","tag-sprijin","tag-uniunea-europeana"],"_links":{"self":[{"href":"https:\/\/www.newsrecorder.ro\/app\/wp-json\/wp\/v2\/posts\/11330","targetHints":{"allow":["GET"]}}],"collection":[{"href":"https:\/\/www.newsrecorder.ro\/app\/wp-json\/wp\/v2\/posts"}],"about":[{"href":"https:\/\/www.newsrecorder.ro\/app\/wp-json\/wp\/v2\/types\/post"}],"author":[{"embeddable":true,"href":"https:\/\/www.newsrecorder.ro\/app\/wp-json\/wp\/v2\/users\/2"}],"replies":[{"embeddable":true,"href":"https:\/\/www.newsrecorder.ro\/app\/wp-json\/wp\/v2\/comments?post=11330"}],"version-history":[{"count":0,"href":"https:\/\/www.newsrecorder.ro\/app\/wp-json\/wp\/v2\/posts\/11330\/revisions"}],"wp:featuredmedia":[{"embeddable":true,"href":"https:\/\/www.newsrecorder.ro\/app\/wp-json\/wp\/v2\/media\/11331"}],"wp:attachment":[{"href":"https:\/\/www.newsrecorder.ro\/app\/wp-json\/wp\/v2\/media?parent=11330"}],"wp:term":[{"taxonomy":"category","embeddable":true,"href":"https:\/\/www.newsrecorder.ro\/app\/wp-json\/wp\/v2\/categories?post=11330"},{"taxonomy":"post_tag","embeddable":true,"href":"https:\/\/www.newsrecorder.ro\/app\/wp-json\/wp\/v2\/tags?post=11330"}],"curies":[{"name":"wp","href":"https:\/\/api.w.org\/{rel}","templated":true}]}}