{"id":11336,"date":"2026-04-01T00:11:29","date_gmt":"2026-04-01T00:11:29","guid":{"rendered":"https:\/\/www.newsrecorder.ro\/app\/2026\/04\/01\/trump-razboiul-din-golf-ar-putea-fi-incheiat-in-doar-3-saptamani\/"},"modified":"2026-04-01T00:11:29","modified_gmt":"2026-04-01T00:11:29","slug":"trump-razboiul-din-golf-ar-putea-fi-incheiat-in-doar-3-saptamani","status":"publish","type":"post","link":"https:\/\/www.newsrecorder.ro\/app\/2026\/04\/01\/trump-razboiul-din-golf-ar-putea-fi-incheiat-in-doar-3-saptamani\/","title":{"rendered":"Trump: R\u0103zboiul din Golf ar putea fi \u00eencheiat \u00een doar 3 s\u0103pt\u0103m\u00e2ni!"},"content":{"rendered":"<p>\u201eNe vom retrage foarte cur\u00e2nd\u201d, a declarat Donald Trump reporterilor din Biroul Oval al Casei Albe, subliniind c\u0103 aceast\u0103 retragere a Statelor Unite ar putea avea loc \u201e\u00een dou\u0103 s\u0103pt\u0103m\u00e2ni, poate dou\u0103 s\u0103pt\u0103m\u00e2ni, poate trei\u201d, conform unei informa\u021bii furnizate de <a href=\"https:\/\/www.reuters.com\/world\/middle-east\/trump-says-us-could-end-war-in-iran-two-three-weeks-2026-03-31\/\" target=\"_blank\" rel=\"noopener\">Reuters<\/a>.<\/p>\n<p>Aceast\u0103 afirma\u021bie reprezint\u0103 cea mai clar\u0103 exprimare a dorin\u021bei lui Trump de a pune cap\u0103t unui conflict care dureaz\u0103 de peste o lun\u0103, un r\u0103zboi ce a transformat peisajul geopolitic al Orientului Mijlociu, a provocat turbulen\u021be pe pie\u021bele energetice globale \u0219i a influen\u021bat parcursul politic al pre\u0219edintelui republican, conform publica\u021biei men\u021bionate.<\/p>\n<p>Trump a subliniat c\u0103 Iranul nu este obligat s\u0103 ajung\u0103 la un acord cu Washingtonul pentru a pune cap\u0103t acestui conflict. \u201eIranul nu trebuie s\u0103 \u00eencheie un acord, nu\u201d, a afirmat Trump, r\u0103spunz\u00e2nd la \u00eentrebarea dac\u0103 succesul diplomatic este o condi\u021bie necesar\u0103 pentru ca SUA s\u0103 finalizeze opera\u021biunile militare.<\/p>\n<p>\u201eNu, ei nu trebuie s\u0103 \u00eencheie un acord cu mine\u201d, a ad\u0103ugat pre\u0219edintele Statelor Unite.<\/p>\n<p>\u00cen contrast, Trump a indicat c\u0103 o condi\u021bie esen\u021bial\u0103 pentru \u00eencheierea ac\u021biunilor militare este ca Iranul s\u0103 fie \u201etrimis \u00een Epoca de piatr\u0103\u201d, f\u0103r\u0103 posibilitatea de a dezvolta arme nucleare. \u201eAtunci vom pleca\u201d, a declarat el.<\/p>\n<p>\u00cen aceea\u0219i zi, premierul israelian <a href=\"https:\/\/www.mediafax.ro\/externe\/netanyahu-spune-ca-israelul-a-atins-peste-jumatate-din-obiectivele-razboiului-impotriva-iranului-23712547\" target=\"_blank\" rel=\"noopener\">Benjamin Netanyahu<\/a> a anun\u021bat c\u0103 \u021bara sa a reu\u0219it s\u0103 \u00eendeplineasc\u0103 mai mult de jum\u0103tate din obiectivele militare stabilite \u00een conflictul cu Iranul \u0219i alia\u021bii acestuia, subliniind totodat\u0103 c\u0103 nu inten\u021bioneaz\u0103 s\u0103 impun\u0103 un termen limit\u0103 pentru aceste ac\u021biuni.  <\/p>\n","protected":false},"excerpt":{"rendered":"<p>\u201eNe vom retrage foarte cur\u00e2nd\u201d, a declarat Donald Trump reporterilor din Biroul Oval al Casei Albe, subliniind c\u0103 aceast\u0103 retragere a Statelor Unite ar putea avea loc \u201e\u00een dou\u0103 s\u0103pt\u0103m\u00e2ni, poate dou\u0103 s\u0103pt\u0103m\u00e2ni, poate trei\u201d, conform unei informa\u021bii furnizate de Reuters. Aceast\u0103 afirma\u021bie reprezint\u0103 cea mai clar\u0103 exprimare a dorin\u021bei lui Trump de a pune [&hellip;]<\/p>\n","protected":false},"author":2,"featured_media":11337,"comment_status":"open","ping_status":"open","sticky":false,"template":"","format":"standard","meta":{"jnews-multi-image_gallery":[],"jnews_single_post":[],"jnews_primary_category":[],"jnews_override_counter":[],"footnotes":""},"categories":[41],"tags":[684,7336,913,2211,10249,988,680,1735],"class_list":["post-11336","post","type-post","status-publish","format-standard","has-post-thumbnail","hentry","category-externe","tag-conflict","tag-geopolitic","tag-iran","tag-orientul-mijlociu","tag-piete-energetice","tag-retragere","tag-statele-unite","tag-trump"],"_links":{"self":[{"href":"https:\/\/www.newsrecorder.ro\/app\/wp-json\/wp\/v2\/posts\/11336","targetHints":{"allow":["GET"]}}],"collection":[{"href":"https:\/\/www.newsrecorder.ro\/app\/wp-json\/wp\/v2\/posts"}],"about":[{"href":"https:\/\/www.newsrecorder.ro\/app\/wp-json\/wp\/v2\/types\/post"}],"author":[{"embeddable":true,"href":"https:\/\/www.newsrecorder.ro\/app\/wp-json\/wp\/v2\/users\/2"}],"replies":[{"embeddable":true,"href":"https:\/\/www.newsrecorder.ro\/app\/wp-json\/wp\/v2\/comments?post=11336"}],"version-history":[{"count":0,"href":"https:\/\/www.newsrecorder.ro\/app\/wp-json\/wp\/v2\/posts\/11336\/revisions"}],"wp:featuredmedia":[{"embeddable":true,"href":"https:\/\/www.newsrecorder.ro\/app\/wp-json\/wp\/v2\/media\/11337"}],"wp:attachment":[{"href":"https:\/\/www.newsrecorder.ro\/app\/wp-json\/wp\/v2\/media?parent=11336"}],"wp:term":[{"taxonomy":"category","embeddable":true,"href":"https:\/\/www.newsrecorder.ro\/app\/wp-json\/wp\/v2\/categories?post=11336"},{"taxonomy":"post_tag","embeddable":true,"href":"https:\/\/www.newsrecorder.ro\/app\/wp-json\/wp\/v2\/tags?post=11336"}],"curies":[{"name":"wp","href":"https:\/\/api.w.org\/{rel}","templated":true}]}}