{"id":11340,"date":"2026-04-01T00:12:11","date_gmt":"2026-04-01T00:12:11","guid":{"rendered":"https:\/\/www.newsrecorder.ro\/app\/2026\/04\/01\/ucraina-sua-garanteaza-ca-armele-pentru-kiev-nu-ajung-in-orientul-mijlociu\/"},"modified":"2026-04-01T00:12:11","modified_gmt":"2026-04-01T00:12:11","slug":"ucraina-sua-garanteaza-ca-armele-pentru-kiev-nu-ajung-in-orientul-mijlociu","status":"publish","type":"post","link":"https:\/\/www.newsrecorder.ro\/app\/2026\/04\/01\/ucraina-sua-garanteaza-ca-armele-pentru-kiev-nu-ajung-in-orientul-mijlociu\/","title":{"rendered":"Ucraina: SUA garanteaz\u0103 c\u0103 armele pentru Kiev nu ajung \u00een Orientul Mijlociu"},"content":{"rendered":"<p>\u00cen cadrul unei conferin\u021be de pres\u0103 comune, al\u0103turi de Kaja Kallas, \u0219efa diploma\u021biei europene, Andrii Sybiha, ministrul ucrainean al Externelor, a men\u021bionat c\u0103 a avut o discu\u021bie scurt\u0103 cu Secretarul de Stat al SUA, Marco Rubio, referitoare la armele americane. Aceast\u0103 conversa\u021bie a avut loc \u00een timpul reuniunii grupului G7 de la Paris, conform informa\u021biilor furnizate de <a href=\"https:\/\/www.eurointegration.com.ua\/news\/2026\/03\/31\/7234471\/\" target=\"_blank\" rel=\"noopener\">European Pravda<\/a>.<\/p>\n<p><em>\u201eAm fost asigura\u021bi c\u0103, \u00een prezent, nu se discut\u0103 despre redirec\u021bionarea asisten\u021bei c\u0103tre alt\u0103 regiune\u201d<\/em>, a declarat Sybiha, subliniind angajamentul Ucrainei \u00een acest context.<\/p>\n<p>\u00cen aceast\u0103 s\u0103pt\u0103m\u00e2n\u0103, pre\u0219edintele <a href=\"https:\/\/www.mediafax.ro\/externe\/zelenski-dupa-turneul-din-orientul-mijlociu-un-demers-foarte-productiv-23712369\" target=\"_blank\" rel=\"noopener\">Zelenski<\/a> a anun\u021bat c\u0103 \u021b\u0103ri precum Iordania, Kuweit, Bahrain \u0219i Oman au solicitat cooperare cu Ucraina, manifest\u00e2nd un interes deosebit pentru sistemele de ap\u0103rare \u0219i expertiza militar\u0103 a Ucrainei.<\/p>\n<p>De asemenea, Zelenski a reafirmat c\u0103 nu exist\u0103 planuri de redirec\u021bionare a armelor americane destinate Ucrainei c\u0103tre Orientul Mijlociu, men\u021bion\u00e2nd c\u0103 viitoarele decizii vor depinde de mai mul\u021bi factori, \u00een special de evolu\u021bia conflictului din Iran.<\/p>\n<p>Marco Rubio, Secretarul de Stat al SUA, a confirmat c\u0103 nu se inten\u021bioneaz\u0103 redirec\u021bionarea armelor achizi\u021bionate de alia\u021bii NATO pentru Ucraina c\u0103tre Orientul Mijlociu. Totu\u0219i, el nu a exclus complet aceast\u0103 posibilitate \u00een viitor.<\/p>\n<p>Aceste suspiciuni au fost amplificate de un articol publicat \u00een Washington Post, care a relevat c\u0103 <strong><a href=\"https:\/\/www.mediafax.ro\/externe\/pentagonul-ar-putea-redirectiona-ajutoarele-din-ucraina-catre-orientul-mijlociu-23710793\">Pentagonul<\/a><\/strong> ia \u00een considerare redirec\u021bionarea unor echipamente militare destinate Ucrainei c\u0103tre Orientul Mijlociu, gener\u00e2nd astfel un val de \u00eengrijorare \u00een r\u00e2ndul oficialilor ucraineni \u0219i al alia\u021bilor lor.<\/p>\n","protected":false},"excerpt":{"rendered":"<p>\u00cen cadrul unei conferin\u021be de pres\u0103 comune, al\u0103turi de Kaja Kallas, \u0219efa diploma\u021biei europene, Andrii Sybiha, ministrul ucrainean al Externelor, a men\u021bionat c\u0103 a avut o discu\u021bie scurt\u0103 cu Secretarul de Stat al SUA, Marco Rubio, referitoare la armele americane. Aceast\u0103 conversa\u021bie a avut loc \u00een timpul reuniunii grupului G7 de la Paris, conform informa\u021biilor [&hellip;]<\/p>\n","protected":false},"author":2,"featured_media":11341,"comment_status":"open","ping_status":"open","sticky":false,"template":"","format":"standard","meta":{"jnews-multi-image_gallery":[],"jnews_single_post":[],"jnews_primary_category":[],"jnews_override_counter":[],"footnotes":""},"categories":[41],"tags":[14225,409,14224,659,6953,3611,682,1030],"class_list":["post-11340","post","type-post","status-publish","format-standard","has-post-thumbnail","hentry","category-externe","tag-andrii-sybiha","tag-aparare","tag-arme-americane","tag-cooperare","tag-g7","tag-kaja-kallas","tag-ucraina","tag-zelenski"],"_links":{"self":[{"href":"https:\/\/www.newsrecorder.ro\/app\/wp-json\/wp\/v2\/posts\/11340","targetHints":{"allow":["GET"]}}],"collection":[{"href":"https:\/\/www.newsrecorder.ro\/app\/wp-json\/wp\/v2\/posts"}],"about":[{"href":"https:\/\/www.newsrecorder.ro\/app\/wp-json\/wp\/v2\/types\/post"}],"author":[{"embeddable":true,"href":"https:\/\/www.newsrecorder.ro\/app\/wp-json\/wp\/v2\/users\/2"}],"replies":[{"embeddable":true,"href":"https:\/\/www.newsrecorder.ro\/app\/wp-json\/wp\/v2\/comments?post=11340"}],"version-history":[{"count":0,"href":"https:\/\/www.newsrecorder.ro\/app\/wp-json\/wp\/v2\/posts\/11340\/revisions"}],"wp:featuredmedia":[{"embeddable":true,"href":"https:\/\/www.newsrecorder.ro\/app\/wp-json\/wp\/v2\/media\/11341"}],"wp:attachment":[{"href":"https:\/\/www.newsrecorder.ro\/app\/wp-json\/wp\/v2\/media?parent=11340"}],"wp:term":[{"taxonomy":"category","embeddable":true,"href":"https:\/\/www.newsrecorder.ro\/app\/wp-json\/wp\/v2\/categories?post=11340"},{"taxonomy":"post_tag","embeddable":true,"href":"https:\/\/www.newsrecorder.ro\/app\/wp-json\/wp\/v2\/tags?post=11340"}],"curies":[{"name":"wp","href":"https:\/\/api.w.org\/{rel}","templated":true}]}}