{"id":11342,"date":"2026-04-01T00:12:30","date_gmt":"2026-04-01T00:12:30","guid":{"rendered":"https:\/\/www.newsrecorder.ro\/app\/2026\/04\/01\/reactii-puternice-la-oferta-lui-szijjarto-de-sprijin-pentru-rusia-respingator\/"},"modified":"2026-04-01T00:12:30","modified_gmt":"2026-04-01T00:12:30","slug":"reactii-puternice-la-oferta-lui-szijjarto-de-sprijin-pentru-rusia-respingator","status":"publish","type":"post","link":"https:\/\/www.newsrecorder.ro\/app\/2026\/04\/01\/reactii-puternice-la-oferta-lui-szijjarto-de-sprijin-pentru-rusia-respingator\/","title":{"rendered":"Reac\u021bii puternice la oferta lui Szijj\u00e1rt\u00f3 de sprijin pentru Rusia: \u201eResping\u0103tor\u201d"},"content":{"rendered":"<p>Mar\u021bi, un raport comun, rezultat dintr-o anchet\u0103 jurnalistic\u0103 realizat\u0103 de patru organiza\u021bii media &#8211; <a href=\"https:\/\/vsquare.org\/kremlin-hotline-hungary-colluded-with-russia-to-delist-sanctioned-oligarchs-companies-and-banks\/\" target=\"_blank\" rel=\"noopener\">VSquare, Delfi, FrontStory \u0219i Centrul de Investiga\u021bii J\u00e1n Kuciak<\/a> &#8211; a scos la iveal\u0103 \u00eenregistr\u0103ri telefonice compromi\u021b\u0103toare. Conform acestor scurgeri, ministrul de Externe al Ungariei, P\u00e9ter Szijj\u00e1rt\u00f3, i-ar fi spus omologului s\u0103u rus, Serghei Lavrov, c\u0103 va \u00eencerca s\u0103 modifice lista sanc\u021biunilor impuse de Uniunea European\u0103, \u00een favoarea Moscovei, conform unui articol publicat de <a href=\"https:\/\/www.theguardian.com\/world\/2026\/mar\/31\/polish-irish-leaders-condemn-hungarian-foreign-minister-alleged-links-to-russia\" target=\"_blank\" rel=\"noopener\">The Guardian<\/a>.<\/p>\n<p>\u00centr-una dintre \u00eenregistr\u0103ri, Szijj\u00e1rt\u00f3 afirm\u0103 clar c\u0103tre Lavrov: <em>\u201eSunt \u00eentotdeauna la dispozi\u021bia dumneavoastr\u0103\u201d<\/em>. \u00centr-o alt\u0103 discu\u021bie, el pare s\u0103 ofere asisten\u021b\u0103 \u00een ceea ce prive\u0219te alte sanc\u021biuni ale UE care afecteaz\u0103 Rusia, ceea ce a st\u00e2rnit un val de critici din partea liderilor europeni.<\/p>\n<p>Reac\u021biile nu au \u00eent\u00e2rziat s\u0103 apar\u0103. Premierul Poloniei, Donald Tusk, a descris aceste \u00eenregistr\u0103ri ca fiind <em>\u201edescurajante\u201d<\/em> \u0219i a subliniat c\u0103 ele confirm\u0103 o rela\u021bie <em>\u201eextrem de \u00eengrijor\u0103toare\u201d<\/em> \u00eentre Budapesta \u0219i Moscova. Tusk a ad\u0103ugat: <em>\u201eCeea ce au scos la iveal\u0103 aceste \u00eenregistr\u0103ri dep\u0103\u0219e\u0219te simpla dependen\u021b\u0103 politic\u0103 a guvernului de la Budapesta fa\u021b\u0103 de Moscova; ele eviden\u021biaz\u0103 c\u00e2t de inacceptabil\u0103 \u0219i bizar\u0103 este aceast\u0103 rela\u021bie\u201d<\/em>.<\/p>\n<p>De asemenea, premierul Irlandei, Miche\u00e1l Martin, a men\u021bionat c\u0103 ancheta confirm\u0103 temerile existente de mult timp, consider\u00e2nd evolu\u021bia ca fiind <em>\u201efoarte sinistr\u0103\u201d<\/em>. Discu\u021biile \u00eentre oficialii ungari \u0219i ru\u0219i, caracterizate de un ton respectuos, sunt inacceptabile, a subliniat el.<\/p>\n<p>\u0218efa diploma\u021biei europene, Kaja Kallas, a ad\u0103ugat c\u0103 mini\u0219trii europeni ar trebui s\u0103 \u00ee\u0219i dedice eforturile pentru binele Europei, nu pentru interesele Rusiei.<\/p>\n<p>\u00cen replic\u0103, Szijj\u00e1rt\u00f3 nu a contestat autenticitatea convorbirilor cu Lavrov, dar a acuzat serviciile de spionaj c\u0103 i-au interceptat aceste conversa\u021bii. El a declarat: <em>\u201eEste un scandal uria\u0219\u2026 faptul c\u0103 serviciile secrete str\u0103ine mi-au interceptat \u00een mod continuu convorbirile telefonice \u0219i c\u0103 acum au f\u0103cut publice aceste convorbiri cu o s\u0103pt\u0103m\u00e2n\u0103 \u0219i jum\u0103tate \u00eenainte de alegerile parlamentare din Ungaria\u201d<\/em>.<\/p>\n<p>Scandalul a izbucnit cu pu\u021bin timp \u00eenainte de alegerile din 12 aprilie, \u00een contextul \u00een care Viktor Orb\u00e1n \u0219i partidul s\u0103u, Fidesz, se confrunt\u0103 cu o competi\u021bie electoral\u0103 dificil\u0103. Guvernarea lui Orb\u00e1n, care dureaz\u0103 de 16 ani, a fost marcat\u0103 de critici pentru deteriorarea institu\u021biilor democratice, erodarea libert\u0103\u021bii presei \u0219i subminarea statului de drept. Sondajele sugereaz\u0103 c\u0103 Fidesz se afl\u0103 \u00een urma lui P\u00e9ter Magyar, un fost membru de frunte al partidului, \u0219i al forma\u021biunii sale de opozi\u021bie, Tisza.<\/p>\n<p>Alegerile din Ungaria sunt urm\u0103rite cu un interes deosebit la nivel european, av\u00e2nd \u00een vedere c\u0103 rezultatul ar putea influen\u021ba nu doar politica intern\u0103, ci \u0219i direc\u021bia Uniunii Europene \u0219i a mi\u0219c\u0103rilor de extrem\u0103 dreapta din \u00eentreaga lume.<\/p>\n<p>\u00cen ciuda apartenen\u021bei Ungariei la Uniunea European\u0103, Viktor Orb\u00e1n a men\u021binut rela\u021bii str\u00e2nse cu Vladimir Putin, bloc\u00e2nd \u00een mod repetat ini\u021biativele UE de sprijin pentru Ucraina. Criticii l-au numit chiar <em>\u201ecalul troian al lui Putin\u201d<\/em> \u00een interiorul Uniunii. Szijj\u00e1rt\u00f3 a fost, de asemenea, implicat recent \u00een scandaluri, av\u00e2nd discu\u021bii frecvente cu Lavrov, \u00een care transmitea detalii despre reuniunile secrete ale UE. De\u0219i ini\u021bial a negat acuza\u021biile, ministrul maghiar a recunoscut ulterior c\u0103 a comunicat cu Lavrov \u00eenainte \u0219i dup\u0103 \u00eent\u00e2lnirile mini\u0219trilor de externe ai UE, caracteriz\u00e2nd aceste discu\u021bii drept <em>\u201ediploma\u021bie\u201d<\/em>.<\/p>\n","protected":false},"excerpt":{"rendered":"<p>Mar\u021bi, un raport comun, rezultat dintr-o anchet\u0103 jurnalistic\u0103 realizat\u0103 de patru organiza\u021bii media &#8211; VSquare, Delfi, FrontStory \u0219i Centrul de Investiga\u021bii J\u00e1n Kuciak &#8211; a scos la iveal\u0103 \u00eenregistr\u0103ri telefonice compromi\u021b\u0103toare. Conform acestor scurgeri, ministrul de Externe al Ungariei, P\u00e9ter Szijj\u00e1rt\u00f3, i-ar fi spus omologului s\u0103u rus, Serghei Lavrov, c\u0103 va \u00eencerca s\u0103 modifice lista [&hellip;]<\/p>\n","protected":false},"author":2,"featured_media":11343,"comment_status":"open","ping_status":"open","sticky":false,"template":"","format":"standard","meta":{"jnews-multi-image_gallery":[],"jnews_single_post":[],"jnews_primary_category":[],"jnews_override_counter":[],"footnotes":""},"categories":[41],"tags":[14228,697,14229,14227,86,14226,1924,321],"class_list":["post-11342","post","type-post","status-publish","format-standard","has-post-thumbnail","hentry","category-externe","tag-ancheta-jurnalistica","tag-critici","tag-inregistrari-telefonice","tag-peter-szijjarto","tag-sanctiuni","tag-serghei-lavrov","tag-ungaria","tag-uniunea-europeana"],"_links":{"self":[{"href":"https:\/\/www.newsrecorder.ro\/app\/wp-json\/wp\/v2\/posts\/11342","targetHints":{"allow":["GET"]}}],"collection":[{"href":"https:\/\/www.newsrecorder.ro\/app\/wp-json\/wp\/v2\/posts"}],"about":[{"href":"https:\/\/www.newsrecorder.ro\/app\/wp-json\/wp\/v2\/types\/post"}],"author":[{"embeddable":true,"href":"https:\/\/www.newsrecorder.ro\/app\/wp-json\/wp\/v2\/users\/2"}],"replies":[{"embeddable":true,"href":"https:\/\/www.newsrecorder.ro\/app\/wp-json\/wp\/v2\/comments?post=11342"}],"version-history":[{"count":0,"href":"https:\/\/www.newsrecorder.ro\/app\/wp-json\/wp\/v2\/posts\/11342\/revisions"}],"wp:featuredmedia":[{"embeddable":true,"href":"https:\/\/www.newsrecorder.ro\/app\/wp-json\/wp\/v2\/media\/11343"}],"wp:attachment":[{"href":"https:\/\/www.newsrecorder.ro\/app\/wp-json\/wp\/v2\/media?parent=11342"}],"wp:term":[{"taxonomy":"category","embeddable":true,"href":"https:\/\/www.newsrecorder.ro\/app\/wp-json\/wp\/v2\/categories?post=11342"},{"taxonomy":"post_tag","embeddable":true,"href":"https:\/\/www.newsrecorder.ro\/app\/wp-json\/wp\/v2\/tags?post=11342"}],"curies":[{"name":"wp","href":"https:\/\/api.w.org\/{rel}","templated":true}]}}