{"id":11382,"date":"2026-04-01T11:11:46","date_gmt":"2026-04-01T11:11:46","guid":{"rendered":"https:\/\/www.newsrecorder.ro\/app\/2026\/04\/01\/remco-evenepoel-campion-olimpic-debuteaza-la-turul-flandrei\/"},"modified":"2026-04-01T11:11:46","modified_gmt":"2026-04-01T11:11:46","slug":"remco-evenepoel-campion-olimpic-debuteaza-la-turul-flandrei","status":"publish","type":"post","link":"https:\/\/www.newsrecorder.ro\/app\/2026\/04\/01\/remco-evenepoel-campion-olimpic-debuteaza-la-turul-flandrei\/","title":{"rendered":"Remco Evenepoel, campion olimpic, debuteaz\u0103 la Turul Flandrei!"},"content":{"rendered":"<p>Dup\u0103 zile \u00eentregi de specula\u021bii, sportivul belgian Remco Evenepoel a confirmat oficial participarea sa la Turul Flandrei printr-un mesaj postat pe re\u021belele de socializare. \u201eFlandra, e\u0219ti preg\u0103tit\u0103? Ne vedem duminic\u0103\u201d, a scris el, anun\u021b\u00e2nd c\u0103 va lua startul la aceast\u0103 prestigioas\u0103 competi\u021bie ce se desf\u0103\u0219oar\u0103 la Anvers.<\/p>\n<p>Evenepoel se va confrunta cu o concuren\u021b\u0103 de top, av\u00e2nd de \u00eenfruntat nume mari ale ciclismului mondial, precum Tadej Poga\u010dar, Wout van Aert, Mathieu van der Poel \u0219i Mads Pedersen. Ace\u0219ti sportivi sunt bine cota\u021bi \u0219i au demonstrat \u00een repetate r\u00e2nduri c\u0103 pot lupta pentru victorie \u00een cursele de mare prestigiu.<\/p>\n<p>Decizia lui Evenepoel de a participa la Turul Flandrei vine dup\u0103 ce a ales s\u0103 nu concureze \u00een Milan-San Remo, concentr\u00e2ndu-se \u00een schimb pe alte obiective din calendarul competi\u021bional. De asemenea, el a avut o prezen\u021b\u0103 constant\u0103 \u00een alte curse \u201emonument\u201d, precum Li\u00e8ge\u2013Bastogne\u2013Li\u00e8ge, pe care l-a c\u00e2\u0219tigat de dou\u0103 ori, \u0219i Il Lombardia. Totu\u0219i, este de men\u021bionat c\u0103 nu a mai concurat \u00een Turul Flandrei p\u00e2n\u0103 acum.<\/p>\n<p>Un aspect interesant este c\u0103 belgianul va debuta \u00een aceast\u0103 competi\u021bie f\u0103r\u0103 o preg\u0103tire specific\u0103 \u00een cursele clasice flamande din acest sezon. Spre deosebire de rivalii s\u0103i, care au participat la evenimente precum E3 sau Gent-Wevelgem, Evenepoel a ales s\u0103 nu participe la aceste curse preg\u0103titoare.<\/p>\n<p>Cu toate acestea, stilul s\u0103u ofensiv \u0219i rezultatele remarcabile ob\u021binute \u00een cursele de o zi \u00eel plaseaz\u0103 \u00een postura de posibil protagonist al competi\u021biei. R\u0103m\u00e2ne de v\u0103zut cum se va descurca \u00een fa\u021ba unor adversari redutabili, dar entuziasmul fanilor \u0219i a speciali\u0219tilor este cu siguran\u021b\u0103 palpabil.<\/p>\n","protected":false},"excerpt":{"rendered":"<p>Dup\u0103 zile \u00eentregi de specula\u021bii, sportivul belgian Remco Evenepoel a confirmat oficial participarea sa la Turul Flandrei printr-un mesaj postat pe re\u021belele de socializare. \u201eFlandra, e\u0219ti preg\u0103tit\u0103? Ne vedem duminic\u0103\u201d, a scris el, anun\u021b\u00e2nd c\u0103 va lua startul la aceast\u0103 prestigioas\u0103 competi\u021bie ce se desf\u0103\u0219oar\u0103 la Anvers. Evenepoel se va confrunta cu o concuren\u021b\u0103 de [&hellip;]<\/p>\n","protected":false},"author":6,"featured_media":11383,"comment_status":"open","ping_status":"open","sticky":false,"template":"","format":"standard","meta":{"jnews-multi-image_gallery":[],"jnews_single_post":[],"jnews_primary_category":[],"jnews_override_counter":[],"footnotes":""},"categories":[46],"tags":[1593,56,14283,14282,14278,14280,14279,14281],"class_list":["post-11382","post","type-post","status-publish","format-standard","has-post-thumbnail","hentry","category-sport","tag-ciclism","tag-competitie","tag-mads-pedersen","tag-mathieu-van-der-poel","tag-remco-evenepoel","tag-tadej-pogacar","tag-turul-flandrei","tag-wout-van-aert"],"_links":{"self":[{"href":"https:\/\/www.newsrecorder.ro\/app\/wp-json\/wp\/v2\/posts\/11382","targetHints":{"allow":["GET"]}}],"collection":[{"href":"https:\/\/www.newsrecorder.ro\/app\/wp-json\/wp\/v2\/posts"}],"about":[{"href":"https:\/\/www.newsrecorder.ro\/app\/wp-json\/wp\/v2\/types\/post"}],"author":[{"embeddable":true,"href":"https:\/\/www.newsrecorder.ro\/app\/wp-json\/wp\/v2\/users\/6"}],"replies":[{"embeddable":true,"href":"https:\/\/www.newsrecorder.ro\/app\/wp-json\/wp\/v2\/comments?post=11382"}],"version-history":[{"count":0,"href":"https:\/\/www.newsrecorder.ro\/app\/wp-json\/wp\/v2\/posts\/11382\/revisions"}],"wp:featuredmedia":[{"embeddable":true,"href":"https:\/\/www.newsrecorder.ro\/app\/wp-json\/wp\/v2\/media\/11383"}],"wp:attachment":[{"href":"https:\/\/www.newsrecorder.ro\/app\/wp-json\/wp\/v2\/media?parent=11382"}],"wp:term":[{"taxonomy":"category","embeddable":true,"href":"https:\/\/www.newsrecorder.ro\/app\/wp-json\/wp\/v2\/categories?post=11382"},{"taxonomy":"post_tag","embeddable":true,"href":"https:\/\/www.newsrecorder.ro\/app\/wp-json\/wp\/v2\/tags?post=11382"}],"curies":[{"name":"wp","href":"https:\/\/api.w.org\/{rel}","templated":true}]}}