{"id":1143,"date":"2026-01-31T22:22:31","date_gmt":"2026-01-31T22:22:31","guid":{"rendered":"https:\/\/www.newsrecorder.ro\/app\/2026\/01\/31\/psd-bucuresti-isi-schimba-fata-lideri-noi-in-trei-sectoare\/"},"modified":"2026-01-31T22:22:31","modified_gmt":"2026-01-31T22:22:31","slug":"psd-bucuresti-isi-schimba-fata-lideri-noi-in-trei-sectoare","status":"publish","type":"post","link":"https:\/\/www.newsrecorder.ro\/app\/2026\/01\/31\/psd-bucuresti-isi-schimba-fata-lideri-noi-in-trei-sectoare\/","title":{"rendered":"PSD Bucure\u0219ti \u00ee\u0219i schimb\u0103 fa\u021ba: lideri noi \u00een trei sectoare!"},"content":{"rendered":"<p>\u00cen cadrul \u0219edin\u021bei desf\u0103\u0219urate ast\u0103zi, pre\u0219edintele PSD Bucure\u0219ti, Daniel B\u0103lu\u021b\u0103, a anun\u021bat o serie de nominaliz\u0103ri sus\u021binute \u00een unanimitate. Astfel, Rare\u0219 Hopinc\u0103, actual primar al Sectorului 2, a fost propus pentru func\u021bia de pre\u0219edinte al Organiza\u021biei PSD Sector 2. De asemenea, Alexandru Hazem Kansou, secretar executiv al PSD Bucure\u0219ti, a fost selectat pentru a conduce Organiza\u021bia PSD Sector 4, iar Adrian Vigheciu, viceprimar al Municipiului Bucure\u0219ti, a fost desemnat s\u0103 preia pre\u0219edin\u021bia Organiza\u021biei PSD Sector 6.<\/p>\n<p>Conform comunicatului emis de PSD Bucure\u0219ti, aceste propuneri au ca scop asigurarea conducerii interimare pentru cele trei filiale p\u00e2n\u0103 la organizarea unor noi alegeri. Nominaliz\u0103rile vor fi prezentate duminic\u0103 \u00een cadrul Consiliului Politic Na\u021bional, urm\u00e2nd a fi supuse procedurilor statutare de validare.<\/p>\n<p>Daniel B\u0103lu\u021b\u0103 a subliniat importan\u021ba unei noi abord\u0103ri \u00een cadrul organiza\u021biei: \u201eOrganiza\u021bia PSD Bucure\u0219ti are nevoie de o nou\u0103 strategie care s\u0103 ne permit\u0103 s\u0103 implement\u0103m m\u0103surile esen\u021biale pentru comunitate. Este imperativ s\u0103 redres\u0103m Bucure\u0219tiul \u0219i s\u0103 identific\u0103m resursele necesare pentru dezvoltarea ora\u0219ului. Totodat\u0103, nu trebuie s\u0103 uit\u0103m c\u0103, dincolo de eficien\u021b\u0103, reducerea cheltuielilor sau proiectele de infrastructur\u0103, ora\u0219ul nostru este, \u00een esen\u021b\u0103, despre oameni. Mul\u021bi dintre ei se confrunt\u0103 cu dificult\u0103\u021bi serioase din cauza costului ridicat al vie\u021bii de zi cu zi, iar fa\u021b\u0103 de ace\u0219ti cet\u0103\u021beni avem o responsabilitate primordial\u0103. Suntem aici pentru a face dreptate, pentru a corecta inechit\u0103\u021bile \u0219i pentru a transforma \u00een realitate angajamentele care, prea mult timp, au fost doar vorbe f\u0103r\u0103 rezultate concrete.\u201d<\/p>\n","protected":false},"excerpt":{"rendered":"<p>\u00cen cadrul \u0219edin\u021bei desf\u0103\u0219urate ast\u0103zi, pre\u0219edintele PSD Bucure\u0219ti, Daniel B\u0103lu\u021b\u0103, a anun\u021bat o serie de nominaliz\u0103ri sus\u021binute \u00een unanimitate. Astfel, Rare\u0219 Hopinc\u0103, actual primar al Sectorului 2, a fost propus pentru func\u021bia de pre\u0219edinte al Organiza\u021biei PSD Sector 2. De asemenea, Alexandru Hazem Kansou, secretar executiv al PSD Bucure\u0219ti, a fost selectat pentru a conduce [&hellip;]<\/p>\n","protected":false},"author":2,"featured_media":1144,"comment_status":"open","ping_status":"open","sticky":false,"template":"","format":"standard","meta":{"jnews-multi-image_gallery":[],"jnews_single_post":[],"jnews_primary_category":[],"jnews_override_counter":[],"footnotes":""},"categories":[42],"tags":[2052,1042,2051,2053,624,222,2049,2050],"class_list":["post-1143","post","type-post","status-publish","format-standard","has-post-thumbnail","hentry","category-politica","tag-adrian-vigheciu","tag-alegeri","tag-alexandru-hazem-kansou","tag-conducere-interimare","tag-daniel-baluta","tag-nominalizari","tag-psd-bucuresti","tag-rares-hopinca"],"_links":{"self":[{"href":"https:\/\/www.newsrecorder.ro\/app\/wp-json\/wp\/v2\/posts\/1143","targetHints":{"allow":["GET"]}}],"collection":[{"href":"https:\/\/www.newsrecorder.ro\/app\/wp-json\/wp\/v2\/posts"}],"about":[{"href":"https:\/\/www.newsrecorder.ro\/app\/wp-json\/wp\/v2\/types\/post"}],"author":[{"embeddable":true,"href":"https:\/\/www.newsrecorder.ro\/app\/wp-json\/wp\/v2\/users\/2"}],"replies":[{"embeddable":true,"href":"https:\/\/www.newsrecorder.ro\/app\/wp-json\/wp\/v2\/comments?post=1143"}],"version-history":[{"count":0,"href":"https:\/\/www.newsrecorder.ro\/app\/wp-json\/wp\/v2\/posts\/1143\/revisions"}],"wp:featuredmedia":[{"embeddable":true,"href":"https:\/\/www.newsrecorder.ro\/app\/wp-json\/wp\/v2\/media\/1144"}],"wp:attachment":[{"href":"https:\/\/www.newsrecorder.ro\/app\/wp-json\/wp\/v2\/media?parent=1143"}],"wp:term":[{"taxonomy":"category","embeddable":true,"href":"https:\/\/www.newsrecorder.ro\/app\/wp-json\/wp\/v2\/categories?post=1143"},{"taxonomy":"post_tag","embeddable":true,"href":"https:\/\/www.newsrecorder.ro\/app\/wp-json\/wp\/v2\/tags?post=1143"}],"curies":[{"name":"wp","href":"https:\/\/api.w.org\/{rel}","templated":true}]}}