{"id":11430,"date":"2026-04-01T13:00:57","date_gmt":"2026-04-01T13:00:57","guid":{"rendered":"https:\/\/www.newsrecorder.ro\/app\/2026\/04\/01\/britania-pregateste-summitul-crucial-pentru-navigatia-in-ormuz\/"},"modified":"2026-04-01T13:00:57","modified_gmt":"2026-04-01T13:00:57","slug":"britania-pregateste-summitul-crucial-pentru-navigatia-in-ormuz","status":"publish","type":"post","link":"https:\/\/www.newsrecorder.ro\/app\/2026\/04\/01\/britania-pregateste-summitul-crucial-pentru-navigatia-in-ormuz\/","title":{"rendered":"Britania preg\u0103te\u0219te summitul crucial pentru naviga\u021bia \u00een Ormuz!"},"content":{"rendered":"<p>Premierul britanic Keir Starmer a f\u0103cut un anun\u021b important miercuri, comunic\u00e2nd c\u0103 ministrul de Externe, Yvette Cooper, va conduce un summit virtual dedicat discu\u021biilor cu \u021b\u0103rile semnatare ale declara\u021biei comune adoptate luna trecut\u0103. Scopul principal al \u00eent\u00e2lnirii este restabilirea libert\u0103\u021bii de naviga\u021bie \u00een Str\u00e2mtoarea Ormuz, conform informa\u021biilor publicate de <a style=\"color: #0000ff\" href=\"https:\/\/www.politico.eu\/article\/uk-host-strait-of-hormuz-summit-this-week\/\" target=\"_blank\" rel=\"noopener\">POLITICO<\/a>.<\/p>\n<p>Evenimentul se va desf\u0103\u0219ura joi, pe 2 aprilie, \u00een format virtual, oferind o platform\u0103 pentru discu\u021bii interna\u021bionale esen\u021biale.<\/p>\n<p>Starmer a subliniat importan\u021ba acestei \u00eent\u00e2lniri, afirm\u00e2nd c\u0103 \u201evom evalua toate m\u0103surile diplomatice \u0219i politice viabile pe care le putem lua pentru a restabili libertatea de naviga\u021bie, a garanta siguran\u021ba navelor \u0219i a marinarilor bloca\u021bi \u0219i a relua transportul de m\u0103rfuri vitale\u201d.<\/p>\n<p>Printre \u021b\u0103rile care au semnat declara\u021bia comun\u0103 se num\u0103r\u0103 Emiratele Arabe Unite, Marea Britanie, Fran\u021ba, Italia, Germania \u0219i \u021a\u0103rile de Jos. Aceste state s-au angajat s\u0103 depun\u0103 \u201eeforturi adecvate\u201d pentru a proteja Str\u00e2mtoarea Ormuz, o arter\u0103 maritim\u0103 crucial\u0103 pentru comer\u021bul mondial.<\/p>\n<p>Conform <a style=\"color: #0000ff\" href=\"https:\/\/www.bbc.com\/news\/live\/c36r5p1l7w3t?post=asset%3A3484ce0c-bdcc-44d3-904b-69d090651fe0#post\" target=\"_blank\" rel=\"noopener\">BBC<\/a>, Starmer a reafirmat pozi\u021bia Marii Britanii, clarific\u00e2nd c\u0103 \u021bara nu va fi implicat\u0103 \u00een <a style=\"color: #0000ff\" href=\"https:\/\/www.mediafax.ro\/externe\/razboiul-din-orientul-mijlociu-ziua-33-israelul-sustine-ca-a-eliminat-un-oficial-de-rang-inalt-din-iran-o-racheta-iraniana-a-lovit-un-petrolier-in-qatar-donald-trump-ma-gandesc-23713058\">conflictele din Orientul Mijlociu<\/a>.<\/p>\n<p>Str\u00e2mtoarea Ormuz a fost blocat\u0103 de Iran ca reac\u021bie la atacurile efectuate de SUA \u0219i Israel \u00eencep\u00e2nd cu 28 februarie. Aceast\u0103 situa\u021bie a condus la o cre\u0219tere drastic\u0103 a pre\u021burilor globale la petrol, un baril ating\u00e2nd chiar \u0219i 120 de dolari.<\/p>\n","protected":false},"excerpt":{"rendered":"<p>Premierul britanic Keir Starmer a f\u0103cut un anun\u021b important miercuri, comunic\u00e2nd c\u0103 ministrul de Externe, Yvette Cooper, va conduce un summit virtual dedicat discu\u021biilor cu \u021b\u0103rile semnatare ale declara\u021biei comune adoptate luna trecut\u0103. Scopul principal al \u00eent\u00e2lnirii este restabilirea libert\u0103\u021bii de naviga\u021bie \u00een Str\u00e2mtoarea Ormuz, conform informa\u021biilor publicate de POLITICO. Evenimentul se va desf\u0103\u0219ura joi, [&hellip;]<\/p>\n","protected":false},"author":2,"featured_media":11431,"comment_status":"open","ping_status":"open","sticky":false,"template":"","format":"standard","meta":{"jnews-multi-image_gallery":[],"jnews_single_post":[],"jnews_primary_category":[],"jnews_override_counter":[],"footnotes":""},"categories":[41],"tags":[8876,899,12659,656,14346,8772,14345,317],"class_list":["post-11430","post","type-post","status-publish","format-standard","has-post-thumbnail","hentry","category-externe","tag-declaratie-comuna","tag-keir-starmer","tag-libertatea-de-navigatie","tag-politici-internationale","tag-siguranta-navelor","tag-stramtoarea-ormuz","tag-summit-virtual","tag-yvette-cooper"],"_links":{"self":[{"href":"https:\/\/www.newsrecorder.ro\/app\/wp-json\/wp\/v2\/posts\/11430","targetHints":{"allow":["GET"]}}],"collection":[{"href":"https:\/\/www.newsrecorder.ro\/app\/wp-json\/wp\/v2\/posts"}],"about":[{"href":"https:\/\/www.newsrecorder.ro\/app\/wp-json\/wp\/v2\/types\/post"}],"author":[{"embeddable":true,"href":"https:\/\/www.newsrecorder.ro\/app\/wp-json\/wp\/v2\/users\/2"}],"replies":[{"embeddable":true,"href":"https:\/\/www.newsrecorder.ro\/app\/wp-json\/wp\/v2\/comments?post=11430"}],"version-history":[{"count":0,"href":"https:\/\/www.newsrecorder.ro\/app\/wp-json\/wp\/v2\/posts\/11430\/revisions"}],"wp:featuredmedia":[{"embeddable":true,"href":"https:\/\/www.newsrecorder.ro\/app\/wp-json\/wp\/v2\/media\/11431"}],"wp:attachment":[{"href":"https:\/\/www.newsrecorder.ro\/app\/wp-json\/wp\/v2\/media?parent=11430"}],"wp:term":[{"taxonomy":"category","embeddable":true,"href":"https:\/\/www.newsrecorder.ro\/app\/wp-json\/wp\/v2\/categories?post=11430"},{"taxonomy":"post_tag","embeddable":true,"href":"https:\/\/www.newsrecorder.ro\/app\/wp-json\/wp\/v2\/tags?post=11430"}],"curies":[{"name":"wp","href":"https:\/\/api.w.org\/{rel}","templated":true}]}}