{"id":11462,"date":"2026-04-01T18:54:56","date_gmt":"2026-04-01T18:54:56","guid":{"rendered":"https:\/\/www.newsrecorder.ro\/app\/2026\/04\/01\/romania-primeste-un-nou-imprumut-de-la-banca-mondiala-pentru-reforme\/"},"modified":"2026-04-01T18:54:56","modified_gmt":"2026-04-01T18:54:56","slug":"romania-primeste-un-nou-imprumut-de-la-banca-mondiala-pentru-reforme","status":"publish","type":"post","link":"https:\/\/www.newsrecorder.ro\/app\/2026\/04\/01\/romania-primeste-un-nou-imprumut-de-la-banca-mondiala-pentru-reforme\/","title":{"rendered":"Rom\u00e2nia prime\u0219te un nou \u00eemprumut de la Banca Mondial\u0103 pentru reforme!"},"content":{"rendered":"<p style=\"text-align: left\">Banca Mondial\u0103 a luat o decizie important\u0103, aprob\u00e2nd un \u00eemprumut \u00een valoare de 650 de milioane de dolari pentru Rom\u00e2nia. Acest sprijin financiar este destinat s\u0103 sus\u021bin\u0103 reformele fiscale, s\u0103 relanseze cre\u0219terea economic\u0103 \u0219i s\u0103 contribuie la crearea de locuri de munc\u0103. \u201eAceast\u0103 finan\u021bare va facilita continuarea implement\u0103rii agendei de reforme a guvernului rom\u00e2n\u201d, a declarat Banca Mondial\u0103, conform unui comunicat prezentat mar\u021bi de <a href=\"https:\/\/seenews.com\/news\/world-bank-approves-650-mln-loan-to-romania-1292362\" target=\"_blank\" rel=\"noopener\">SeeNews<\/a>.<\/p>\n<p style=\"text-align: left\">\u00cemprumutul este structurat pe doi piloni esen\u021biali. Reprezentan\u021bii B\u0103ncii Mondiale au subliniat c\u0103 Guvernul de la Bucure\u0219ti a ini\u021biat un program amplu de reforme menite s\u0103 stabilizeze finan\u021bele publice \u0219i s\u0103 asigure o cre\u0219tere economic\u0103 \u201emai robust\u0103 \u0219i mai incluziv\u0103\u201d.<\/p>\n<p style=\"text-align: left\">Conform informa\u021biilor furnizate de creditorul interna\u021bional, deficitul bugetar \u0219i cel de cont curent, raportat la PIB, au fost cele mai ridicate din Uniunea European\u0103 \u00een anul 2024. Aceast\u0103 nou\u0103 finan\u021bare este crucial\u0103 pentru economia Rom\u00e2niei \u0219i se bazeaz\u0103 pe dou\u0103 componente principale.<\/p>\n<p style=\"text-align: left\">Primul pilon se concentreaz\u0103 pe consolidarea fiscal\u0103, av\u00e2nd ca obiectiv reducerea deficitului la 3% din PIB p\u00e2n\u0103 la finalul anului 2030. Al doilea pilon se axeaz\u0103 pe stimularea cre\u0219terii economice prin atragerea de investi\u021bii private \u0219i pe sprijinirea cre\u0103rii de locuri de munc\u0103.<\/p>\n<p style=\"text-align: left\">Banca Mondial\u0103 a precizat c\u0103 \u00eemprumutul a fost acordat \u00een urma unor m\u0103suri fiscale deja implementate de Guvernul Rom\u00e2niei. Aceste m\u0103suri includ cele dou\u0103 ordonan\u021be de urgen\u021b\u0103 adoptate \u00een luna februarie, care prev\u0103d concedieri \u00een sectorul public \u0219i reduceri de cheltuieli, al\u0103turi de alte ini\u021biative fiscale \u0219i scheme de sprijin pentru economie.<\/p>\n<p style=\"text-align: left\">Oficialii B\u0103ncii Mondiale au luat \u00een considerare \u0219i m\u0103surile de ajustare fiscal\u0103 anterioare, cum ar fi majorarea TVA-ului \u0219i a accizelor, extinderea bazei de contribuabililor la sistemul public de s\u0103n\u0103tate \u0219i cre\u0219terea impozitelor pentru institu\u021biile bancare.<\/p>\n<p style=\"text-align: left\">\u00cen ceea ce prive\u0219te deficitul, datele oficiale arat\u0103 c\u0103 bugetul general consolidat al Rom\u00e2niei a \u00eenregistrat un deficit de 14,23 miliarde de lei \u00een primele dou\u0103 luni ale anului 2026. Aceasta reprezint\u0103 o reducere semnificativ\u0103, de aproape jum\u0103tate, comparativ cu deficitul de 30,24 miliarde de lei raportat \u00een aceea\u0219i perioad\u0103 a anului precedent.<\/p>\n","protected":false},"excerpt":{"rendered":"<p>Banca Mondial\u0103 a luat o decizie important\u0103, aprob\u00e2nd un \u00eemprumut \u00een valoare de 650 de milioane de dolari pentru Rom\u00e2nia. Acest sprijin financiar este destinat s\u0103 sus\u021bin\u0103 reformele fiscale, s\u0103 relanseze cre\u0219terea economic\u0103 \u0219i s\u0103 contribuie la crearea de locuri de munc\u0103. \u201eAceast\u0103 finan\u021bare va facilita continuarea implement\u0103rii agendei de reforme a guvernului rom\u00e2n\u201d, a [&hellip;]<\/p>\n","protected":false},"author":4,"featured_media":11463,"comment_status":"open","ping_status":"open","sticky":false,"template":"","format":"standard","meta":{"jnews-multi-image_gallery":[],"jnews_single_post":[],"jnews_primary_category":[],"jnews_override_counter":[],"footnotes":""},"categories":[40],"tags":[946,2420,298,101,1326,945,149,321],"class_list":["post-11462","post","type-post","status-publish","format-standard","has-post-thumbnail","hentry","category-econonie","tag-banca-mondiala","tag-crestere-economica","tag-deficit-bugetar","tag-imprumut","tag-locuri-de-munca","tag-reforme-fiscale","tag-romania","tag-uniunea-europeana"],"_links":{"self":[{"href":"https:\/\/www.newsrecorder.ro\/app\/wp-json\/wp\/v2\/posts\/11462","targetHints":{"allow":["GET"]}}],"collection":[{"href":"https:\/\/www.newsrecorder.ro\/app\/wp-json\/wp\/v2\/posts"}],"about":[{"href":"https:\/\/www.newsrecorder.ro\/app\/wp-json\/wp\/v2\/types\/post"}],"author":[{"embeddable":true,"href":"https:\/\/www.newsrecorder.ro\/app\/wp-json\/wp\/v2\/users\/4"}],"replies":[{"embeddable":true,"href":"https:\/\/www.newsrecorder.ro\/app\/wp-json\/wp\/v2\/comments?post=11462"}],"version-history":[{"count":0,"href":"https:\/\/www.newsrecorder.ro\/app\/wp-json\/wp\/v2\/posts\/11462\/revisions"}],"wp:featuredmedia":[{"embeddable":true,"href":"https:\/\/www.newsrecorder.ro\/app\/wp-json\/wp\/v2\/media\/11463"}],"wp:attachment":[{"href":"https:\/\/www.newsrecorder.ro\/app\/wp-json\/wp\/v2\/media?parent=11462"}],"wp:term":[{"taxonomy":"category","embeddable":true,"href":"https:\/\/www.newsrecorder.ro\/app\/wp-json\/wp\/v2\/categories?post=11462"},{"taxonomy":"post_tag","embeddable":true,"href":"https:\/\/www.newsrecorder.ro\/app\/wp-json\/wp\/v2\/tags?post=11462"}],"curies":[{"name":"wp","href":"https:\/\/api.w.org\/{rel}","templated":true}]}}