{"id":11486,"date":"2026-04-01T20:18:35","date_gmt":"2026-04-01T20:18:35","guid":{"rendered":"https:\/\/www.newsrecorder.ro\/app\/2026\/04\/01\/alerta-anm-vant-puternic-in-olt-si-valcea-detalii-esentiale\/"},"modified":"2026-04-01T20:18:35","modified_gmt":"2026-04-01T20:18:35","slug":"alerta-anm-vant-puternic-in-olt-si-valcea-detalii-esentiale","status":"publish","type":"post","link":"https:\/\/www.newsrecorder.ro\/app\/2026\/04\/01\/alerta-anm-vant-puternic-in-olt-si-valcea-detalii-esentiale\/","title":{"rendered":"Alert\u0103 ANM: V\u00e2nt puternic \u00een Olt \u0219i V\u00e2lcea &#8211; detalii esen\u021biale!"},"content":{"rendered":"<p>Administra\u021bia Na\u021bional\u0103 de Meteorologie (ANM) a emis vineri o avertizare de cod portocaliu pentru diverse localit\u0103\u021bi din jude\u021bele Olt \u0219i V\u00e2lcea, unde se preconizeaz\u0103 intensific\u0103ri puternice ale v\u00e2ntului.<\/p>\n<p>Conform informa\u021biilor furnizate, rafalele de v\u00e2nt ar putea atinge viteze de 70 p\u00e2n\u0103 la 80 km\/h, ceea ce ar putea provoca dificult\u0103\u021bi \u00een trafic \u0219i daune materiale considerabile.<\/p>\n<p>Avertizarea se aplic\u0103 unui num\u0103r semnificativ de localit\u0103\u021bi, inclusiv Slatina, Scornice\u0219ti \u0219i Piatra-Olt \u00een jude\u021bul Olt, precum \u0219i Dr\u0103g\u0103\u0219ani \u0219i B\u0103lce\u0219ti \u00een jude\u021bul V\u00e2lcea, al\u0103turi de zeci de alte comune din cele dou\u0103 regiuni.<\/p>\n<p>\u201eFenomene avertizate: Intensific\u0103ri puternice ale v\u00e2ntului cu viteze la rafal\u0103 de 70\u202680 km\/h\u201d, a transmis ANM.<\/p>\n<p>Perioada \u00een care aceste fenomene meteorologice se vor manifesta este limitat\u0103, urm\u00e2nd s\u0103 se \u00eencheie la ora 19:00, vineri, 27 martie, dar riscurile r\u0103m\u00e2n ridicate pe toat\u0103 durata avertiz\u0103rii.<\/p>\n<p>Autorit\u0103\u021bile recomand\u0103 cet\u0103\u021benilor s\u0103 evite deplas\u0103rile inutile \u00een aer liber, s\u0103 asigure obiectele care ar putea fi luate de v\u00e2nt \u0219i s\u0103 fie aten\u021bi la eventualele c\u0103deri de copaci sau elemente de construc\u021bie.<\/p>\n<p>Meteorologii subliniaz\u0103 c\u0103 astfel de episoade de v\u00e2nt puternic pot ap\u0103rea brusc \u0219i pot avea efecte locale semnificative, \u00een special \u00een zonele deschise.<\/p>\n","protected":false},"excerpt":{"rendered":"<p>Administra\u021bia Na\u021bional\u0103 de Meteorologie (ANM) a emis vineri o avertizare de cod portocaliu pentru diverse localit\u0103\u021bi din jude\u021bele Olt \u0219i V\u00e2lcea, unde se preconizeaz\u0103 intensific\u0103ri puternice ale v\u00e2ntului. Conform informa\u021biilor furnizate, rafalele de v\u00e2nt ar putea atinge viteze de 70 p\u00e2n\u0103 la 80 km\/h, ceea ce ar putea provoca dificult\u0103\u021bi \u00een trafic \u0219i daune materiale [&hellip;]<\/p>\n","protected":false},"author":5,"featured_media":11487,"comment_status":"open","ping_status":"open","sticky":false,"template":"","format":"standard","meta":{"jnews-multi-image_gallery":[],"jnews_single_post":[],"jnews_primary_category":[],"jnews_override_counter":[],"footnotes":""},"categories":[45],"tags":[1563,1140,1288,11170,13713,14391,5504,13714],"class_list":["post-11486","post","type-post","status-publish","format-standard","has-post-thumbnail","hentry","category-meteo","tag-avertizare-meteorologica","tag-cod-portocaliu","tag-daune-materiale","tag-intensificari-vant","tag-olt","tag-rafale-vant","tag-trafic","tag-valcea"],"_links":{"self":[{"href":"https:\/\/www.newsrecorder.ro\/app\/wp-json\/wp\/v2\/posts\/11486","targetHints":{"allow":["GET"]}}],"collection":[{"href":"https:\/\/www.newsrecorder.ro\/app\/wp-json\/wp\/v2\/posts"}],"about":[{"href":"https:\/\/www.newsrecorder.ro\/app\/wp-json\/wp\/v2\/types\/post"}],"author":[{"embeddable":true,"href":"https:\/\/www.newsrecorder.ro\/app\/wp-json\/wp\/v2\/users\/5"}],"replies":[{"embeddable":true,"href":"https:\/\/www.newsrecorder.ro\/app\/wp-json\/wp\/v2\/comments?post=11486"}],"version-history":[{"count":0,"href":"https:\/\/www.newsrecorder.ro\/app\/wp-json\/wp\/v2\/posts\/11486\/revisions"}],"wp:featuredmedia":[{"embeddable":true,"href":"https:\/\/www.newsrecorder.ro\/app\/wp-json\/wp\/v2\/media\/11487"}],"wp:attachment":[{"href":"https:\/\/www.newsrecorder.ro\/app\/wp-json\/wp\/v2\/media?parent=11486"}],"wp:term":[{"taxonomy":"category","embeddable":true,"href":"https:\/\/www.newsrecorder.ro\/app\/wp-json\/wp\/v2\/categories?post=11486"},{"taxonomy":"post_tag","embeddable":true,"href":"https:\/\/www.newsrecorder.ro\/app\/wp-json\/wp\/v2\/tags?post=11486"}],"curies":[{"name":"wp","href":"https:\/\/api.w.org\/{rel}","templated":true}]}}