{"id":1149,"date":"2026-01-31T22:23:36","date_gmt":"2026-01-31T22:23:36","guid":{"rendered":"https:\/\/www.newsrecorder.ro\/app\/2026\/01\/31\/diplomatul-american-aterizeaza-in-venezuela-ce-urmeaza\/"},"modified":"2026-01-31T22:23:36","modified_gmt":"2026-01-31T22:23:36","slug":"diplomatul-american-aterizeaza-in-venezuela-ce-urmeaza","status":"publish","type":"post","link":"https:\/\/www.newsrecorder.ro\/app\/2026\/01\/31\/diplomatul-american-aterizeaza-in-venezuela-ce-urmeaza\/","title":{"rendered":"Diplomatul American Aterizeaz\u0103 \u00een Venezuela: Ce Urmeaz\u0103?"},"content":{"rendered":"<p>Laura Dogu a fost numit\u0103 \u00een func\u021bia de reprezentant special al Statelor Unite pentru Venezuela pe 22 ianuarie, marc\u00e2nd o schimbare semnificativ\u0103 \u00een rela\u021biile diplomatice dintre cele dou\u0103 \u021b\u0103ri.<\/p>\n<p>Oficialul american a sosit la Caracas s\u00e2mb\u0103t\u0103, ceea ce reprezint\u0103 o premier\u0103 \u00een ultimii ani, dat fiind c\u0103 un \u00eenalt diplomat american nu a mai vizitat Venezuela de mult timp, conform agen\u021biei AFP.<\/p>\n<p>Vizita sa intervine la doar c\u00e2teva s\u0103pt\u0103m\u00e2ni dup\u0103 capturarea fostului pre\u0219edinte venezuelean, Nicolas Maduro, de c\u0103tre armata Statelor Unite, eviden\u021biind astfel o \u00eentors\u0103tur\u0103 important\u0103 \u00een dinamica politic\u0103 din regiune.<\/p>\n<p>Laura Dogu o \u00eenlocuie\u0219te pe John McNamara, care a coordonat misiunea diplomatic\u0103 american\u0103 din Bogot\u00e1, \u00eencep\u00e2nd cu 1 februarie 2025. De\u0219i Dogu nu de\u021bine titlul de ambasador, ea este cea mai \u00eenalt\u0103 autoritate diplomatic\u0103 american\u0103 prezent\u0103 \u00een Venezuela.<\/p>\n<p>Reluarea contactelor diplomatice este \u00eent\u0103rit\u0103 de declara\u021biile pre\u0219edintelui Trump, care a subliniat \u00een repetate r\u00e2nduri colaborarea bun\u0103 cu noile autorit\u0103\u021bi venezuelene, conduse de pre\u0219edinta interimar\u0103 Delcy Rodriguez.<\/p>\n<p>Rodriguez a asigurat Washingtonul de inten\u021biile sale de cooperare, anun\u021b\u00e2nd m\u0103suri precum amnistia general\u0103 a de\u021binu\u021bilor politici \u0219i reformarea legii petrolului.<\/p>\n<p>Referitor la rela\u021biile cu Statele Unite, Rodriguez a declarat miercuri: \u201eNe afl\u0103m \u00eentr-un proces de dialog \u0219i colaborare cu Statele Unite, f\u0103r\u0103 team\u0103, abord\u00e2nd diferen\u021bele \u0219i dificult\u0103\u021bile, indiferent de natura lor, prin intermediul diploma\u021biei\u201d.<\/p>\n<p>&nbsp;<\/p>\n","protected":false},"excerpt":{"rendered":"<p>Laura Dogu a fost numit\u0103 \u00een func\u021bia de reprezentant special al Statelor Unite pentru Venezuela pe 22 ianuarie, marc\u00e2nd o schimbare semnificativ\u0103 \u00een rela\u021biile diplomatice dintre cele dou\u0103 \u021b\u0103ri. Oficialul american a sosit la Caracas s\u00e2mb\u0103t\u0103, ceea ce reprezint\u0103 o premier\u0103 \u00een ultimii ani, dat fiind c\u0103 un \u00eenalt diplomat american nu a mai vizitat [&hellip;]<\/p>\n","protected":false},"author":2,"featured_media":1150,"comment_status":"open","ping_status":"open","sticky":false,"template":"","format":"standard","meta":{"jnews-multi-image_gallery":[],"jnews_single_post":[],"jnews_primary_category":[],"jnews_override_counter":[],"footnotes":""},"categories":[41],"tags":[2067,2066,2060,2064,2063,2061,2062,2065],"class_list":["post-1149","post","type-post","status-publish","format-standard","has-post-thumbnail","hentry","category-externe","tag-dinamica-politica","tag-diplomat-american","tag-laura-dogu","tag-nicolas-maduro","tag-relatii-diplomatice","tag-reprezentant-special","tag-venezuela","tag-washington"],"_links":{"self":[{"href":"https:\/\/www.newsrecorder.ro\/app\/wp-json\/wp\/v2\/posts\/1149","targetHints":{"allow":["GET"]}}],"collection":[{"href":"https:\/\/www.newsrecorder.ro\/app\/wp-json\/wp\/v2\/posts"}],"about":[{"href":"https:\/\/www.newsrecorder.ro\/app\/wp-json\/wp\/v2\/types\/post"}],"author":[{"embeddable":true,"href":"https:\/\/www.newsrecorder.ro\/app\/wp-json\/wp\/v2\/users\/2"}],"replies":[{"embeddable":true,"href":"https:\/\/www.newsrecorder.ro\/app\/wp-json\/wp\/v2\/comments?post=1149"}],"version-history":[{"count":0,"href":"https:\/\/www.newsrecorder.ro\/app\/wp-json\/wp\/v2\/posts\/1149\/revisions"}],"wp:featuredmedia":[{"embeddable":true,"href":"https:\/\/www.newsrecorder.ro\/app\/wp-json\/wp\/v2\/media\/1150"}],"wp:attachment":[{"href":"https:\/\/www.newsrecorder.ro\/app\/wp-json\/wp\/v2\/media?parent=1149"}],"wp:term":[{"taxonomy":"category","embeddable":true,"href":"https:\/\/www.newsrecorder.ro\/app\/wp-json\/wp\/v2\/categories?post=1149"},{"taxonomy":"post_tag","embeddable":true,"href":"https:\/\/www.newsrecorder.ro\/app\/wp-json\/wp\/v2\/tags?post=1149"}],"curies":[{"name":"wp","href":"https:\/\/api.w.org\/{rel}","templated":true}]}}