{"id":1153,"date":"2026-01-31T22:24:07","date_gmt":"2026-01-31T22:24:07","guid":{"rendered":"https:\/\/www.newsrecorder.ro\/app\/2026\/01\/31\/copenhaga-proteste-de-sustinere-pentru-veteranii-danezi-dupa-trump\/"},"modified":"2026-01-31T22:24:07","modified_gmt":"2026-01-31T22:24:07","slug":"copenhaga-proteste-de-sustinere-pentru-veteranii-danezi-dupa-trump","status":"publish","type":"post","link":"https:\/\/www.newsrecorder.ro\/app\/2026\/01\/31\/copenhaga-proteste-de-sustinere-pentru-veteranii-danezi-dupa-trump\/","title":{"rendered":"Copenhaga: Proteste de sus\u021binere pentru veteranii danezi dup\u0103 Trump"},"content":{"rendered":"<p>Danemarca, o \u021bar\u0103 cu o popula\u021bie ce reprezint\u0103 sub 2% din cea a Statelor Unite, a fost un partener de seam\u0103 al Americii \u00een conflictul din Afganistan. \u00cen decursul acestui r\u0103zboi, 44 de solda\u021bi danezi \u0219i-au pierdut via\u021ba, un bilan\u021b de pierderi pe cap de locuitor comparabil cu cel al americanilor, conform informa\u021biilor furnizate de <a href=\"https:\/\/www.reuters.com\/world\/asia-pacific\/protesters-copenhagen-rally-danish-veterans-after-trump-remarks-2026-01-31\/\" target=\"_blank\" rel=\"noopener\">Reuters<\/a>.<\/p>\n<p>Recent, protestatarii din Copenhaga au \u00eendreptat pa\u0219ii spre Ambasada Statelor Unite, unde au fost rostite cu voce tare numele tuturor solda\u021bilor danezi care au decedat \u00een Afganistan \u0219i Irak. Ac\u021biunea a fost un omagiu adus sacrificiilor celor care au servit \u00een teatrele de r\u0103zboi.<\/p>\n<p><em>\u201e\u00cen spatele fiec\u0103rui steag se afl\u0103 o persoan\u0103, un soldat, un t\u00e2n\u0103r\u201d<\/em>, a declarat locotenent-colonelul \u00een rezerv\u0103 Niels Christian Koefoed, veteran al misiunilor din Afganistan, \u00een timp ce demonstran\u021bii a\u0219ezau steaguri daneze brodate cu numele celor c\u0103zu\u021bi \u00een fa\u021ba Ambasadei SUA.<\/p>\n<p>Mul\u021bi dintre participan\u021bi au purtat medalii, simboliz\u00e2nd serviciul lor \u00een cadrul NATO. Jesper Larsen, un veteran al r\u0103zboiului din Afganistan, a exprimat durerea sa, afirm\u00e2nd: <em>\u201eAm pierdut un prieten \u0219i coleg foarte apropiat. Cuvintele domnului Trump m-au r\u0103nit \u0219i consider c\u0103 le datoreaz\u0103 o scuz\u0103 tuturor prietenilor mei de lupt\u0103.\u201d<\/em><\/p>\n<p>Protestul s-a \u00eencheiat cu un moment solemn de reculegere pentru cei care \u0219i-au dat via\u021ba \u00een aceste conflicte. La eveniment au participat numero\u0219i cet\u0103\u021beni, inclusiv femei, tineri \u0219i copii, care s-au mobilizat al\u0103turi de veterani pentru a-\u0219i exprima solidaritatea.<\/p>\n<p dir=\"ltr\" lang=\"en\">Thousands and thousands of Danish veterans, their families, and supporters are standing together in Copenhagen, protesting Trump\u2019s deeply disrespectful statements and his mockery of the sacrifices made by Danish men and women who fought in U.S. wars. \u2764\ufe0f <a href=\"https:\/\/t.co\/oexmSfzHDR\">pic.twitter.com\/oexmSfzHDR<\/a><\/p>\n<p>\u2014 Pelle Dragsted (@pelledragsted) <a href=\"https:\/\/twitter.com\/pelledragsted\/status\/2017573898917658718?ref_src=twsrc%5Etfw\">January 31, 2026<\/a><\/p>\n<p>Este important de men\u021bionat c\u0103 pre\u0219edintele SUA, Donald Trump, a generat tensiuni cu Danemarca dup\u0103 ce a propus anexarea Groenlandei, un teritoriu autonom care apar\u021bine regatului danez. De asemenea, el a pus la \u00eendoial\u0103 rolul alia\u021bilor NATO \u00een contextul conflictului din Afganistan, provoc\u00e2nd reac\u021bii imediate din partea britanicilor. Premierul Regatului Unit, Keir Starmer, a catalogat comentariile lui Trump drept \u201ejignitoare\u201d \u0219i \u201erevolt\u0103toare\u201d. \u00cen ciuda laudelor adresate trupelor britanice, Trump nu a oferit scuze \u0219i nu a abordat \u00een mod adecvat contribu\u021biile trupelor europene \u00een acest context.<\/p>\n","protected":false},"excerpt":{"rendered":"<p>Danemarca, o \u021bar\u0103 cu o popula\u021bie ce reprezint\u0103 sub 2% din cea a Statelor Unite, a fost un partener de seam\u0103 al Americii \u00een conflictul din Afganistan. \u00cen decursul acestui r\u0103zboi, 44 de solda\u021bi danezi \u0219i-au pierdut via\u021ba, un bilan\u021b de pierderi pe cap de locuitor comparabil cu cel al americanilor, conform informa\u021biilor furnizate de [&hellip;]<\/p>\n","protected":false},"author":2,"featured_media":1154,"comment_status":"open","ping_status":"open","sticky":false,"template":"","format":"standard","meta":{"jnews-multi-image_gallery":[],"jnews_single_post":[],"jnews_primary_category":[],"jnews_override_counter":[],"footnotes":""},"categories":[41],"tags":[2075,2071,2076,2074,2073,80,2072,2077],"class_list":["post-1153","post","type-post","status-publish","format-standard","has-post-thumbnail","hentry","category-externe","tag-ambasada-statelor-unite","tag-danemarca","tag-omagiu","tag-proteste-copenhaga","tag-razboi-afganistan","tag-sacrificii","tag-soldati-danezi","tag-veterani"],"_links":{"self":[{"href":"https:\/\/www.newsrecorder.ro\/app\/wp-json\/wp\/v2\/posts\/1153","targetHints":{"allow":["GET"]}}],"collection":[{"href":"https:\/\/www.newsrecorder.ro\/app\/wp-json\/wp\/v2\/posts"}],"about":[{"href":"https:\/\/www.newsrecorder.ro\/app\/wp-json\/wp\/v2\/types\/post"}],"author":[{"embeddable":true,"href":"https:\/\/www.newsrecorder.ro\/app\/wp-json\/wp\/v2\/users\/2"}],"replies":[{"embeddable":true,"href":"https:\/\/www.newsrecorder.ro\/app\/wp-json\/wp\/v2\/comments?post=1153"}],"version-history":[{"count":0,"href":"https:\/\/www.newsrecorder.ro\/app\/wp-json\/wp\/v2\/posts\/1153\/revisions"}],"wp:featuredmedia":[{"embeddable":true,"href":"https:\/\/www.newsrecorder.ro\/app\/wp-json\/wp\/v2\/media\/1154"}],"wp:attachment":[{"href":"https:\/\/www.newsrecorder.ro\/app\/wp-json\/wp\/v2\/media?parent=1153"}],"wp:term":[{"taxonomy":"category","embeddable":true,"href":"https:\/\/www.newsrecorder.ro\/app\/wp-json\/wp\/v2\/categories?post=1153"},{"taxonomy":"post_tag","embeddable":true,"href":"https:\/\/www.newsrecorder.ro\/app\/wp-json\/wp\/v2\/tags?post=1153"}],"curies":[{"name":"wp","href":"https:\/\/api.w.org\/{rel}","templated":true}]}}