{"id":11540,"date":"2026-04-02T02:19:26","date_gmt":"2026-04-02T02:19:26","guid":{"rendered":"https:\/\/www.newsrecorder.ro\/app\/2026\/04\/02\/mircea-abrudean-85-de-ani-de-la-genocidul-de-la-fantana-alba\/"},"modified":"2026-04-02T02:19:26","modified_gmt":"2026-04-02T02:19:26","slug":"mircea-abrudean-85-de-ani-de-la-genocidul-de-la-fantana-alba","status":"publish","type":"post","link":"https:\/\/www.newsrecorder.ro\/app\/2026\/04\/02\/mircea-abrudean-85-de-ani-de-la-genocidul-de-la-fantana-alba\/","title":{"rendered":"Mircea Abrudean: 85 de ani de la genocidul de la F\u00e2nt\u00e2na Alb\u0103!"},"content":{"rendered":"<p>Pe 1 aprilie 1941, un eveniment tragic a avut loc \u00een Bucovina, c\u00e2nd trupele sovietice au masacrat mii de rom\u00e2ni care \u00eencercau s\u0103 scape de teroarea ocupa\u021biei. Ace\u0219ti oameni, \u00eenarma\u021bi doar cu icoane, cruci \u0219i steaguri albe, au pornit \u00eentr-un mar\u0219 pa\u0219nic c\u0103tre grani\u021ba cu Rom\u00e2nia, vis\u00e2nd s\u0103 se \u00eentoarc\u0103 acas\u0103.<\/p>\n<p>Conform unui mesaj postat pe Facebook de Mircea Abrudean, aproximativ 3.000 de bunici \u0219i str\u0103bunici au fost opri\u021bi \u00een drumul lor spre libertate, la doar 3 kilometri distan\u021b\u0103, \u00een poiana Varni\u021ba. Acest vis de a se reuni cu patria s-a transformat \u00eentr-o tragedie inimaginabil\u0103.<\/p>\n<p>Mircea Abrudean a condamnat cu fermitate ac\u021biunile trupelor sovietice, subliniind c\u0103 acest masacru a fost un act de genocid planificat \u00eempotriva identit\u0103\u021bii na\u021bionale rom\u00e2ne\u0219ti. \u201eS\u00e2ngele celor uci\u0219i \u00een p\u0103durea Varni\u021ba ne oblig\u0103 s\u0103 nu mai permitem niciodat\u0103 ca istoria s\u0103 fie rescris\u0103 prin t\u0103cere sau fric\u0103. Demnitatea \u0219i adev\u0103rul istoric sunt singurele arme \u00eempotriva uit\u0103rii\u201d, a declarat oficialul rom\u00e2n, f\u0103c\u00e2nd apel la p\u0103strarea memoriei colective.<\/p>\n<p>Acest masacru, comis de trupele NKVD, serviciul de informa\u021bii sovietic, a avut loc \u00een contextul regimului de ocupa\u021bie impus \u00een Bucovina de Nord, iar victimele sale, aproximativ 3.000 de persoane, \u00eencercau s\u0103 se refugieze \u00een Rom\u00e2nia pentru a sc\u0103pa de opresiune.<\/p>\n","protected":false},"excerpt":{"rendered":"<p>Pe 1 aprilie 1941, un eveniment tragic a avut loc \u00een Bucovina, c\u00e2nd trupele sovietice au masacrat mii de rom\u00e2ni care \u00eencercau s\u0103 scape de teroarea ocupa\u021biei. Ace\u0219ti oameni, \u00eenarma\u021bi doar cu icoane, cruci \u0219i steaguri albe, au pornit \u00eentr-un mar\u0219 pa\u0219nic c\u0103tre grani\u021ba cu Rom\u00e2nia, vis\u00e2nd s\u0103 se \u00eentoarc\u0103 acas\u0103. Conform unui mesaj postat [&hellip;]<\/p>\n","protected":false},"author":2,"featured_media":11541,"comment_status":"open","ping_status":"open","sticky":false,"template":"","format":"standard","meta":{"jnews-multi-image_gallery":[],"jnews_single_post":[],"jnews_primary_category":[],"jnews_override_counter":[],"footnotes":""},"categories":[42],"tags":[14435,2844,13108,873,14434,3587,14436,523],"class_list":["post-11540","post","type-post","status-publish","format-standard","has-post-thumbnail","hentry","category-politica","tag-bucovina","tag-genocid","tag-identitate-nationala","tag-istorie","tag-masacru","tag-mircea-abrudean","tag-ocupatie","tag-romani"],"_links":{"self":[{"href":"https:\/\/www.newsrecorder.ro\/app\/wp-json\/wp\/v2\/posts\/11540","targetHints":{"allow":["GET"]}}],"collection":[{"href":"https:\/\/www.newsrecorder.ro\/app\/wp-json\/wp\/v2\/posts"}],"about":[{"href":"https:\/\/www.newsrecorder.ro\/app\/wp-json\/wp\/v2\/types\/post"}],"author":[{"embeddable":true,"href":"https:\/\/www.newsrecorder.ro\/app\/wp-json\/wp\/v2\/users\/2"}],"replies":[{"embeddable":true,"href":"https:\/\/www.newsrecorder.ro\/app\/wp-json\/wp\/v2\/comments?post=11540"}],"version-history":[{"count":0,"href":"https:\/\/www.newsrecorder.ro\/app\/wp-json\/wp\/v2\/posts\/11540\/revisions"}],"wp:featuredmedia":[{"embeddable":true,"href":"https:\/\/www.newsrecorder.ro\/app\/wp-json\/wp\/v2\/media\/11541"}],"wp:attachment":[{"href":"https:\/\/www.newsrecorder.ro\/app\/wp-json\/wp\/v2\/media?parent=11540"}],"wp:term":[{"taxonomy":"category","embeddable":true,"href":"https:\/\/www.newsrecorder.ro\/app\/wp-json\/wp\/v2\/categories?post=11540"},{"taxonomy":"post_tag","embeddable":true,"href":"https:\/\/www.newsrecorder.ro\/app\/wp-json\/wp\/v2\/tags?post=11540"}],"curies":[{"name":"wp","href":"https:\/\/api.w.org\/{rel}","templated":true}]}}