{"id":11542,"date":"2026-04-02T02:19:53","date_gmt":"2026-04-02T02:19:53","guid":{"rendered":"https:\/\/www.newsrecorder.ro\/app\/2026\/04\/02\/vlad-voiculescu-raspunde-lui-rogobete-citu-ar-fi-decis-oricum\/"},"modified":"2026-04-02T02:19:53","modified_gmt":"2026-04-02T02:19:53","slug":"vlad-voiculescu-raspunde-lui-rogobete-citu-ar-fi-decis-oricum","status":"publish","type":"post","link":"https:\/\/www.newsrecorder.ro\/app\/2026\/04\/02\/vlad-voiculescu-raspunde-lui-rogobete-citu-ar-fi-decis-oricum\/","title":{"rendered":"Vlad Voiculescu r\u0103spunde lui Rogobete: C\u00ee\u021bu ar fi decis oricum!"},"content":{"rendered":"<p>Fostul ministru al S\u0103n\u0103t\u0103\u021bii, Vlad Voiculescu, a reac\u021bionat vehement dup\u0103 conferin\u021ba de pres\u0103 sus\u021binut\u0103 de actualul titular al acestui portofoliu, Alexandru Rogobete, care a abordat subiectul controversat al procesului pierdut de Rom\u00e2nia \u00eempotriva companiei Pfizer.<\/p>\n<p>Voiculescu a contestat afirma\u021biile lui Rogobete, eviden\u021biind c\u0103 acesta a declarat c\u0103 \u00een luna mai a anului 2021, c\u00e2nd Florin C\u00ee\u021bu a decis, \u00een cadrul unei \u0219edin\u021be de guvern, s\u0103 comande vaccinuri, campania de vaccinare era \u00een declin, iar rom\u00e2nii nu mai manifestau interes pentru vaccinare. \u201eE pur \u0219i simplu fals. Rom\u00e2nii se vaccinau la un ritm mai mare dec\u00e2t media european\u0103, din Statele Unite, Regatul Unit sau chiar Israel\u201d, a subliniat Voiculescu pe re\u021belele sociale.<\/p>\n<p>Conform opiniei sale, sc\u0103derea ratei de vaccinare a fost semnificativ\u0103 \u201eodat\u0103 cu anun\u021bul pre\u0219edintelui Iohannis, care a declarat c\u0103 pandemia a fost \u00eenvins\u0103 \u0219i c\u0103 urmeaz\u0103 o mare relaxare\u201d.<\/p>\n<p>Vlad Voiculescu a continuat s\u0103 critice pozi\u021bia lui Rogobete, men\u021bion\u00e2nd c\u0103 acesta a afirmat c\u0103 Rom\u00e2nia nu ar fi trebuit s\u0103 fac\u0103 acea comand\u0103 de vaccinuri \u0219i c\u0103, \u00een cazul \u00een care ar fi fost ministru, ar fi procedat diferit. \u201eDac\u0103 ar fi fost ministru \u00een locul doamnei Mih\u0103il\u0103, decizia tot la Florin C\u00ee\u021bu ar fi fost\u201d, a precizat Voiculescu, suger\u00e2nd c\u0103 opinia sa ar fi avut o influen\u021b\u0103 similar\u0103 cu a sa \u00een timpul \u0219edin\u021belor de guvern din martie, c\u00e2nd a solicitat detalii despre procesul decizional legat de achizi\u021biile de vaccinuri.<\/p>\n<p>El a ad\u0103ugat c\u0103 alocarea dozelor de vaccin era realizat\u0103 \u00een func\u021bie de num\u0103rul de locuitori \u0219i a subliniat c\u0103 niciun stat membru al Uniunii Europene nu a refuzat acel contract.<\/p>\n<p>\u00cen continuare, Voiculescu a declarat c\u0103 Rom\u00e2nia nu a avut probleme cu cantitatea de vaccinuri comandate, afirm\u00e2nd c\u0103 aceasta a fost sub media european\u0103. El a identificat trei mari probleme cu care s-a confruntat \u021bara noastr\u0103:<\/p>\n<ul>\n<li>\u201eCampania de vaccinare, condus\u0103 de un militar (dl. Valeriu Gheorghi\u021b\u0103 \u2013 acum \u0219ef spital SRI), sub coordonarea domnului C\u00ee\u021bu, a dus la cea mai mic\u0103 rat\u0103 de vaccinare din Europa (sub 40%).\u201d<\/li>\n<li>\u201eDomnul Rafila a refuzat oferta Pfizer \u0219i nu a negociat nimic. Despre acest aspect ar trebui s\u0103 ne ofere mai multe detalii cei care erau la putere atunci. Conform celor men\u021bionate \u00een chemarea \u00een judecat\u0103 de c\u0103tre Pfizer, ei au venit cu oferte de reducere de peste jum\u0103tate din sum\u0103 \u0219i Rom\u00e2nia nu a r\u0103spuns. 24 de state europene au r\u0103spuns \u0219i nu se afl\u0103 \u00een procese cu Pfizer.\u201d<\/li>\n<li>\u201e\u00cencep\u00e2nd cu 2023, nimeni nu se mai vaccineaz\u0103 anti-Covid \u00een Rom\u00e2nia. Suntem singura \u021bar\u0103 din UE care nu mai ofer\u0103 vaccinul. \u00cen Belgia, Irlanda, Olanda \u0219i Norvegia, aproximativ 50% dintre persoanele vulnerabile (peste 70 de ani) sunt vaccinate anti-Covid.\u201d<\/li>\n<\/ul>\n<p>Voiculescu a subliniat c\u0103 e\u0219ecul campaniei de vaccinare nu a avut doar repercusiuni financiare, ci a costat Rom\u00e2nia \u0219i \u00een termeni de vie\u021bi omene\u0219ti. El a amintit de luna octombrie 2021, considerat\u0103 \u201ecea mai neagr\u0103 lun\u0103 din istoria postbelic\u0103 a Rom\u00e2niei\u201d, cu un total oficial de 10.532 de decese cauzate de COVID-19 \u0219i un exces de decese de 22.980 fa\u021b\u0103 de media anilor 2011-2019. \u201eMajoritatea celor deceda\u021bi \u0219i interna\u021bi \u00een stare grav\u0103 erau persoane nevaccinate\u201d, a ad\u0103ugat el.<\/p>\n<p>\u00cen \u00eencheiere, Voiculescu a criticat decizia de a semna o cantitate uria\u0219\u0103 de vaccinuri \u00een mai 2021, consider\u00e2nd c\u0103 aceasta nu reflecta realitatea \u0219i nu avea nicio estimare medical\u0103 sau leg\u0103tur\u0103 cu s\u0103n\u0103tatea public\u0103 \u0219i rata de vaccinare. Alexandru Rogobete a reiterat aceste puncte \u00een cadrul conferin\u021bei de pres\u0103, afirm\u00e2nd c\u0103 decizia luat\u0103 atunci era complet deconectat\u0103 de la realitate.<\/p>\n","protected":false},"excerpt":{"rendered":"<p>Fostul ministru al S\u0103n\u0103t\u0103\u021bii, Vlad Voiculescu, a reac\u021bionat vehement dup\u0103 conferin\u021ba de pres\u0103 sus\u021binut\u0103 de actualul titular al acestui portofoliu, Alexandru Rogobete, care a abordat subiectul controversat al procesului pierdut de Rom\u00e2nia \u00eempotriva companiei Pfizer. Voiculescu a contestat afirma\u021biile lui Rogobete, eviden\u021biind c\u0103 acesta a declarat c\u0103 \u00een luna mai a anului 2021, c\u00e2nd Florin [&hellip;]<\/p>\n","protected":false},"author":2,"featured_media":11543,"comment_status":"open","ping_status":"open","sticky":false,"template":"","format":"standard","meta":{"jnews-multi-image_gallery":[],"jnews_single_post":[],"jnews_primary_category":[],"jnews_override_counter":[],"footnotes":""},"categories":[42],"tags":[14438,12063,711,2494,149,551,14437,5886],"class_list":["post-11542","post","type-post","status-publish","format-standard","has-post-thumbnail","hentry","category-politica","tag-alexandru-rogoebete","tag-florin-citu","tag-pandemie","tag-pfizer","tag-romania","tag-sanatate","tag-vaccinare","tag-vlad-voiculescu"],"_links":{"self":[{"href":"https:\/\/www.newsrecorder.ro\/app\/wp-json\/wp\/v2\/posts\/11542","targetHints":{"allow":["GET"]}}],"collection":[{"href":"https:\/\/www.newsrecorder.ro\/app\/wp-json\/wp\/v2\/posts"}],"about":[{"href":"https:\/\/www.newsrecorder.ro\/app\/wp-json\/wp\/v2\/types\/post"}],"author":[{"embeddable":true,"href":"https:\/\/www.newsrecorder.ro\/app\/wp-json\/wp\/v2\/users\/2"}],"replies":[{"embeddable":true,"href":"https:\/\/www.newsrecorder.ro\/app\/wp-json\/wp\/v2\/comments?post=11542"}],"version-history":[{"count":0,"href":"https:\/\/www.newsrecorder.ro\/app\/wp-json\/wp\/v2\/posts\/11542\/revisions"}],"wp:featuredmedia":[{"embeddable":true,"href":"https:\/\/www.newsrecorder.ro\/app\/wp-json\/wp\/v2\/media\/11543"}],"wp:attachment":[{"href":"https:\/\/www.newsrecorder.ro\/app\/wp-json\/wp\/v2\/media?parent=11542"}],"wp:term":[{"taxonomy":"category","embeddable":true,"href":"https:\/\/www.newsrecorder.ro\/app\/wp-json\/wp\/v2\/categories?post=11542"},{"taxonomy":"post_tag","embeddable":true,"href":"https:\/\/www.newsrecorder.ro\/app\/wp-json\/wp\/v2\/tags?post=11542"}],"curies":[{"name":"wp","href":"https:\/\/api.w.org\/{rel}","templated":true}]}}