{"id":11582,"date":"2026-04-02T09:24:03","date_gmt":"2026-04-02T09:24:03","guid":{"rendered":"https:\/\/www.newsrecorder.ro\/app\/2026\/04\/02\/drula-ciucu-a-ratat-o-oportunitate-cruciala-pentru-capitala\/"},"modified":"2026-04-02T09:24:03","modified_gmt":"2026-04-02T09:24:03","slug":"drula-ciucu-a-ratat-o-oportunitate-cruciala-pentru-capitala","status":"publish","type":"post","link":"https:\/\/www.newsrecorder.ro\/app\/2026\/04\/02\/drula-ciucu-a-ratat-o-oportunitate-cruciala-pentru-capitala\/","title":{"rendered":"Drul\u0103: Ciucu a ratat o oportunitate crucial\u0103 pentru Capital\u0103!"},"content":{"rendered":"<p>Deputatul USR, C\u0103t\u0103lin Drul\u0103, a subliniat recent, pe <a href=\"https:\/\/www.facebook.com\/catalindrulausr\/posts\/pfbid02dDR6QqTRJdCiqVeQPAxy89i4rQrM9HoWnVajN6UyNkoF9iVo2ZU8ctnmbA2p3XG7l\" target=\"_blank\" rel=\"noopener\">Facebook<\/a>, c\u0103 Bucure\u0219tiul a ratat o oportunitate crucial\u0103 \u00een ceea ce prive\u0219te implementarea referendumului pe buget \u00een 2026. Comentariile sale au fost generate de propunerea primarului general, Ciprian Ciucu, referitoare la \u00eemp\u0103r\u021birea impozitului pe venit \u00eentre municipiu \u0219i sectoare.<\/p>\n<p>Drul\u0103 a eviden\u021biat c\u0103 reforma bugetului, care este planificat\u0103 s\u0103 fie implementat\u0103 doar \u00een anul 2026, risc\u0103 s\u0103 devin\u0103 \u201eo form\u0103 f\u0103r\u0103 fond\u201d. El a subliniat c\u0103, de\u0219i Consiliul General a luat decizia, aceasta reflect\u0103 \u00een realitate ac\u021biunile guvernelor anterioare care au l\u0103sat Capitala \u00eentr-o situa\u021bie financiar\u0103 precar\u0103.<\/p>\n<p>\u00cen plus, deputatul a sugerat c\u0103 exist\u0103 o \u00een\u021belegere politic\u0103 \u00eentre PNL \u0219i PSD, afirm\u00e2nd c\u0103 \u201ela mijloc se pare c\u0103 este o \u00een\u021belegere PNL-PSD care au b\u0103tut palma pe moment la Capital\u0103\u201d. Drul\u0103 a subliniat c\u0103 o alternativ\u0103 era disponibil\u0103 \u00een Consiliul General, unde o majoritate de dreapta, f\u0103r\u0103 PSD, ar fi putut adopta un buget corect, adaptat nevoilor \u0219i proiectelor reale ale ora\u0219ului. Din p\u0103cate, aceast\u0103 op\u021biune a fost \u00eenlocuit\u0103 de actuala \u00een\u021belegere politic\u0103.<\/p>\n<p>\u201e\u00cen orice caz, dac\u0103 aceasta este propunerea primarului, atunci lipsa resurselor nu mai poate fi folosit\u0103 ca scuz\u0103 pentru blocajele generale ale proiectelor mari ale ora\u0219ului\u201d, a concluzionat Drul\u0103.<\/p>\n<p>Primarul Capitalei, Ciprian Ciucu, a reac\u021bionat la comentariile lui Drul\u0103 pe re\u021belele sociale. \u201eDraga C\u0103t\u0103lin, te rog nu dezinforma. Bucure\u0219tiul prime\u0219te 59%. Am explicat pe pagina mea. Mul\u021bumesc pentru \u00een\u021belegere \u0219i pentru sprijinul USR din Consiliul General. Mi-ar pl\u0103cea s\u0103 dep\u0103\u0219im diferen\u021bele din campanie \u0219i s\u0103 colabor\u0103m pentru Bucure\u0219ti\u201d, a scris Ciucu.<\/p>\n","protected":false},"excerpt":{"rendered":"<p>Deputatul USR, C\u0103t\u0103lin Drul\u0103, a subliniat recent, pe Facebook, c\u0103 Bucure\u0219tiul a ratat o oportunitate crucial\u0103 \u00een ceea ce prive\u0219te implementarea referendumului pe buget \u00een 2026. Comentariile sale au fost generate de propunerea primarului general, Ciprian Ciucu, referitoare la \u00eemp\u0103r\u021birea impozitului pe venit \u00eentre municipiu \u0219i sectoare. Drul\u0103 a eviden\u021biat c\u0103 reforma bugetului, care este [&hellip;]<\/p>\n","protected":false},"author":2,"featured_media":11583,"comment_status":"open","ping_status":"open","sticky":false,"template":"","format":"standard","meta":{"jnews-multi-image_gallery":[],"jnews_single_post":[],"jnews_primary_category":[],"jnews_override_counter":[],"footnotes":""},"categories":[39],"tags":[362,1068,14490,1059,8054,627,300,283],"class_list":["post-11582","post","type-post","status-publish","format-standard","has-post-thumbnail","hentry","category-stirile-zilei","tag-bucuresti","tag-buget","tag-catalin-drula","tag-consiliul-general","tag-impozit","tag-pnl","tag-psd","tag-referendum"],"_links":{"self":[{"href":"https:\/\/www.newsrecorder.ro\/app\/wp-json\/wp\/v2\/posts\/11582","targetHints":{"allow":["GET"]}}],"collection":[{"href":"https:\/\/www.newsrecorder.ro\/app\/wp-json\/wp\/v2\/posts"}],"about":[{"href":"https:\/\/www.newsrecorder.ro\/app\/wp-json\/wp\/v2\/types\/post"}],"author":[{"embeddable":true,"href":"https:\/\/www.newsrecorder.ro\/app\/wp-json\/wp\/v2\/users\/2"}],"replies":[{"embeddable":true,"href":"https:\/\/www.newsrecorder.ro\/app\/wp-json\/wp\/v2\/comments?post=11582"}],"version-history":[{"count":0,"href":"https:\/\/www.newsrecorder.ro\/app\/wp-json\/wp\/v2\/posts\/11582\/revisions"}],"wp:featuredmedia":[{"embeddable":true,"href":"https:\/\/www.newsrecorder.ro\/app\/wp-json\/wp\/v2\/media\/11583"}],"wp:attachment":[{"href":"https:\/\/www.newsrecorder.ro\/app\/wp-json\/wp\/v2\/media?parent=11582"}],"wp:term":[{"taxonomy":"category","embeddable":true,"href":"https:\/\/www.newsrecorder.ro\/app\/wp-json\/wp\/v2\/categories?post=11582"},{"taxonomy":"post_tag","embeddable":true,"href":"https:\/\/www.newsrecorder.ro\/app\/wp-json\/wp\/v2\/tags?post=11582"}],"curies":[{"name":"wp","href":"https:\/\/api.w.org\/{rel}","templated":true}]}}