{"id":11590,"date":"2026-04-02T11:41:00","date_gmt":"2026-04-02T11:41:00","guid":{"rendered":"https:\/\/www.newsrecorder.ro\/app\/2026\/04\/02\/mircea-lucescu-paraseste-oficial-nationala-romaniei-ce-urmeaza\/"},"modified":"2026-04-02T11:41:00","modified_gmt":"2026-04-02T11:41:00","slug":"mircea-lucescu-paraseste-oficial-nationala-romaniei-ce-urmeaza","status":"publish","type":"post","link":"https:\/\/www.newsrecorder.ro\/app\/2026\/04\/02\/mircea-lucescu-paraseste-oficial-nationala-romaniei-ce-urmeaza\/","title":{"rendered":"Mircea Lucescu p\u0103r\u0103se\u0219te oficial na\u021bionala Rom\u00e2niei! Ce urmeaz\u0103?"},"content":{"rendered":"<p>Tehnicianul Mircea Lucescu \u00ee\u0219i \u00eencheie astfel cel de-al doilea mandat pe banca echipei na\u021bionale a Rom\u00e2niei, dup\u0103 ce a condus \u201etricolorii\u201d \u00eentr-o campanie solid\u0103 \u00een Liga Na\u021biunilor, reu\u0219ind s\u0103 ob\u021bin\u0103 calificarea \u00een play-off-ul pentru Campionatul Mondial din aceast\u0103 var\u0103.<\/p>\n<p>Bilan\u021bul s\u0103u pe aceast\u0103 perioad\u0103 se prezint\u0103 cu 11 victorii, un rezultat de egalitate \u0219i \u0219ase \u00eenfr\u00e2ngeri, demonstr\u00e2nd o performan\u021b\u0103 consistent\u0103 pe teren.<\/p>\n<p>Primul s\u0103u mandat, desf\u0103\u0219urat \u00een anii &#8217;80, r\u0103m\u00e2ne un moment de referin\u021b\u0103 \u00een istoria fotbalului rom\u00e2nesc, Lucescu reu\u0219ind s\u0103 califice Rom\u00e2nia la Campionatul European din 1984, marc\u00e2nd prima participare a echipei na\u021bionale la un turneu final continental.<\/p>\n<p>Pre\u0219edintele Federa\u021biei Rom\u00e2ne de Fotbal (FRF), R\u0103zvan Burleanu, a subliniat implicarea \u0219i devotamentul antrenorului, afirm\u00e2nd: \u201eDomnul Mircea Lucescu a acceptat aceast\u0103 provocare \u0219i a venit s\u0103 dea totul pentru Rom\u00e2nia, d\u00e2nd dovad\u0103 de o pasiune \u0219i o dedicare f\u0103r\u0103 margini. Prin efortul s\u0103u neobosit \u0219i devotamentul ar\u0103tat \u00een fiecare moment, a demonstrat ce \u00eenseamn\u0103 dragostea adev\u0103rat\u0103 pentru Echipa Na\u021bional\u0103 \u0219i pentru fotbal, c\u00e2\u0219tig\u00e2nd astfel respectul \u0219i recuno\u0219tin\u021ba noastr\u0103, a tuturor iubitorilor de fotbal.\u201d<\/p>\n<p>FRF \u0219i-a exprimat aprecierea fa\u021b\u0103 de \u00eentreaga carier\u0103 a lui Mircea Lucescu, eviden\u021biind parcursul s\u0103u inegalabil de peste 60 de ani \u00een slujba fotbalului, at\u00e2t ca juc\u0103tor, c\u00e2t \u0219i ca antrenor. \u201ePentru toate emo\u021biile, bucuriile \u0219i pasiunea oferite fotbalului rom\u00e2nesc \u0219i numeroaselor genera\u021bii de suporteri, FRF \u00eei mul\u021bume\u0219te lui Mircea Lucescu\u201d, a transmis Federa\u021bia printr-un comunicat oficial.<\/p>\n<p>De asemenea, R\u0103zvan Burleanu a declarat: \u201e\u00cel a\u0219tept\u0103m pe domnul Lucescu \u00eentr-un rol nou, \u00een lunile urm\u0103toare, la nivelul FRF, pentru ca fotbalul rom\u00e2nesc s\u0103 beneficieze de toat\u0103 cunoa\u0219terea pe care domnul Lucescu a acumulat-o \u00een cariera d\u00e2nsului, astfel \u00eenc\u00e2t s\u0103 putem s\u0103 ne preg\u0103tim \u0219i mai bine antrenorii \u0219i juc\u0103torii.\u201d<\/p>\n","protected":false},"excerpt":{"rendered":"<p>Tehnicianul Mircea Lucescu \u00ee\u0219i \u00eencheie astfel cel de-al doilea mandat pe banca echipei na\u021bionale a Rom\u00e2niei, dup\u0103 ce a condus \u201etricolorii\u201d \u00eentr-o campanie solid\u0103 \u00een Liga Na\u021biunilor, reu\u0219ind s\u0103 ob\u021bin\u0103 calificarea \u00een play-off-ul pentru Campionatul Mondial din aceast\u0103 var\u0103. Bilan\u021bul s\u0103u pe aceast\u0103 perioad\u0103 se prezint\u0103 cu 11 victorii, un rezultat de egalitate \u0219i \u0219ase [&hellip;]<\/p>\n","protected":false},"author":6,"featured_media":11591,"comment_status":"open","ping_status":"open","sticky":false,"template":"","format":"standard","meta":{"jnews-multi-image_gallery":[],"jnews_single_post":[],"jnews_primary_category":[],"jnews_override_counter":[],"footnotes":""},"categories":[46],"tags":[8283,104,113,980,2529,4499,2528,972],"class_list":["post-11590","post","type-post","status-publish","format-standard","has-post-thumbnail","hentry","category-sport","tag-calificare","tag-campionatul-mondial","tag-echipa-nationala","tag-fotbal-romanesc","tag-frf","tag-liga-natiunilor","tag-mircea-lucescu","tag-performanta"],"_links":{"self":[{"href":"https:\/\/www.newsrecorder.ro\/app\/wp-json\/wp\/v2\/posts\/11590","targetHints":{"allow":["GET"]}}],"collection":[{"href":"https:\/\/www.newsrecorder.ro\/app\/wp-json\/wp\/v2\/posts"}],"about":[{"href":"https:\/\/www.newsrecorder.ro\/app\/wp-json\/wp\/v2\/types\/post"}],"author":[{"embeddable":true,"href":"https:\/\/www.newsrecorder.ro\/app\/wp-json\/wp\/v2\/users\/6"}],"replies":[{"embeddable":true,"href":"https:\/\/www.newsrecorder.ro\/app\/wp-json\/wp\/v2\/comments?post=11590"}],"version-history":[{"count":0,"href":"https:\/\/www.newsrecorder.ro\/app\/wp-json\/wp\/v2\/posts\/11590\/revisions"}],"wp:featuredmedia":[{"embeddable":true,"href":"https:\/\/www.newsrecorder.ro\/app\/wp-json\/wp\/v2\/media\/11591"}],"wp:attachment":[{"href":"https:\/\/www.newsrecorder.ro\/app\/wp-json\/wp\/v2\/media?parent=11590"}],"wp:term":[{"taxonomy":"category","embeddable":true,"href":"https:\/\/www.newsrecorder.ro\/app\/wp-json\/wp\/v2\/categories?post=11590"},{"taxonomy":"post_tag","embeddable":true,"href":"https:\/\/www.newsrecorder.ro\/app\/wp-json\/wp\/v2\/tags?post=11590"}],"curies":[{"name":"wp","href":"https:\/\/api.w.org\/{rel}","templated":true}]}}