{"id":11594,"date":"2026-04-02T11:41:33","date_gmt":"2026-04-02T11:41:33","guid":{"rendered":"https:\/\/www.newsrecorder.ro\/app\/2026\/04\/02\/dijon-gazduieste-finala-ehf-european-league-la-handbal-feminin\/"},"modified":"2026-04-02T11:41:33","modified_gmt":"2026-04-02T11:41:33","slug":"dijon-gazduieste-finala-ehf-european-league-la-handbal-feminin","status":"publish","type":"post","link":"https:\/\/www.newsrecorder.ro\/app\/2026\/04\/02\/dijon-gazduieste-finala-ehf-european-league-la-handbal-feminin\/","title":{"rendered":"Dijon g\u0103zduie\u0219te finala EHF European League la handbal feminin!"},"content":{"rendered":"<p>Comitetul Executiv al forului european a validat recent decizia de a organiza faza final\u0103 a competi\u021biei \u00een ora\u0219ul Dijon, o premier\u0103 pentru aceast\u0103 localitate. Turneul final este programat s\u0103 se desf\u0103\u0219oare pe 16 \u0219i 17 mai 2026 \u0219i promite s\u0103 reuneasc\u0103 patru dintre cele mai puternice echipe de handbal din Europa.<\/p>\n<p>Printre participante se num\u0103r\u0103 campioana en-titre, Th\u00fcringer HC din Germania, echipa gazd\u0103 JDA Bourgogne Dijon Handball, debutanta MOL Esztergom din Ungaria \u0219i forma\u021bia danez\u0103 Viborg HK.<\/p>\n<p>Viborg HK a reu\u0219it s\u0103 treac\u0103 de ultima echip\u0103 rom\u00e2neasc\u0103 r\u0103mas\u0103 \u00een competi\u021bie, Rapid Bucure\u0219ti. \u00cen prima man\u0219\u0103, danezele au \u00eenvins cu un concludent 35-26, iar \u00een meciul de retur, Rapid a c\u00e2\u0219tigat \u00een Capital\u0103 cu 32-26, \u00eens\u0103 acest rezultat nu a fost suficient pentru a asigura calificarea.<\/p>\n<p>De asemenea, \u00een faza grupelor, Rom\u00e2nia a fost reprezentat\u0103 de echipele Minaur Baia Mare \u0219i Corona Bra\u0219ov, care au avut \u0219i ele un parcurs notabil \u00een competi\u021bie.<\/p>\n<p>Partidele din cadrul turneului final se vor desf\u0103\u0219ura \u00een Palais des Sports, o aren\u0103 cu o capacitate de aproximativ 3.000 de locuri, cunoscut\u0103 pentru g\u0103zduirea unor evenimente sportive interna\u021bionale importante.<\/p>\n<p>Evenimentul va fi marcat \u0219i de tragerea la sor\u021bi pentru stabilirea semifinalelor, care este programat\u0103 pentru 7 aprilie. Aceasta va st\u00e2rni cu siguran\u021b\u0103 interesul fanilor \u0219i va ad\u0103uga o not\u0103 de anticipare \u00eenainte de desf\u0103\u0219urarea meciurilor.<\/p>\n","protected":false},"excerpt":{"rendered":"<p>Comitetul Executiv al forului european a validat recent decizia de a organiza faza final\u0103 a competi\u021biei \u00een ora\u0219ul Dijon, o premier\u0103 pentru aceast\u0103 localitate. Turneul final este programat s\u0103 se desf\u0103\u0219oare pe 16 \u0219i 17 mai 2026 \u0219i promite s\u0103 reuneasc\u0103 patru dintre cele mai puternice echipe de handbal din Europa. Printre participante se num\u0103r\u0103 [&hellip;]<\/p>\n","protected":false},"author":6,"featured_media":11595,"comment_status":"open","ping_status":"open","sticky":false,"template":"","format":"standard","meta":{"jnews-multi-image_gallery":[],"jnews_single_post":[],"jnews_primary_category":[],"jnews_override_counter":[],"footnotes":""},"categories":[46],"tags":[56,93,14505,91,8298,114,14506,14507],"class_list":["post-11594","post","type-post","status-publish","format-standard","has-post-thumbnail","hentry","category-sport","tag-competitie","tag-corona-brasov","tag-dijon","tag-handbal","tag-minaur-baia-mare","tag-rapid-bucuresti","tag-thuringer-hc","tag-viborg-hk"],"_links":{"self":[{"href":"https:\/\/www.newsrecorder.ro\/app\/wp-json\/wp\/v2\/posts\/11594","targetHints":{"allow":["GET"]}}],"collection":[{"href":"https:\/\/www.newsrecorder.ro\/app\/wp-json\/wp\/v2\/posts"}],"about":[{"href":"https:\/\/www.newsrecorder.ro\/app\/wp-json\/wp\/v2\/types\/post"}],"author":[{"embeddable":true,"href":"https:\/\/www.newsrecorder.ro\/app\/wp-json\/wp\/v2\/users\/6"}],"replies":[{"embeddable":true,"href":"https:\/\/www.newsrecorder.ro\/app\/wp-json\/wp\/v2\/comments?post=11594"}],"version-history":[{"count":0,"href":"https:\/\/www.newsrecorder.ro\/app\/wp-json\/wp\/v2\/posts\/11594\/revisions"}],"wp:featuredmedia":[{"embeddable":true,"href":"https:\/\/www.newsrecorder.ro\/app\/wp-json\/wp\/v2\/media\/11595"}],"wp:attachment":[{"href":"https:\/\/www.newsrecorder.ro\/app\/wp-json\/wp\/v2\/media?parent=11594"}],"wp:term":[{"taxonomy":"category","embeddable":true,"href":"https:\/\/www.newsrecorder.ro\/app\/wp-json\/wp\/v2\/categories?post=11594"},{"taxonomy":"post_tag","embeddable":true,"href":"https:\/\/www.newsrecorder.ro\/app\/wp-json\/wp\/v2\/tags?post=11594"}],"curies":[{"name":"wp","href":"https:\/\/api.w.org\/{rel}","templated":true}]}}