{"id":11614,"date":"2026-04-02T17:04:41","date_gmt":"2026-04-02T17:04:41","guid":{"rendered":"https:\/\/www.newsrecorder.ro\/app\/2026\/04\/02\/fosta-ministra-a-culturii-coiful-de-la-cotofenesti-a-fost-salvat\/"},"modified":"2026-04-02T17:04:41","modified_gmt":"2026-04-02T17:04:41","slug":"fosta-ministra-a-culturii-coiful-de-la-cotofenesti-a-fost-salvat","status":"publish","type":"post","link":"https:\/\/www.newsrecorder.ro\/app\/2026\/04\/02\/fosta-ministra-a-culturii-coiful-de-la-cotofenesti-a-fost-salvat\/","title":{"rendered":"Fosta ministr\u0103 a Culturii: Coiful de la Co\u021bofene\u0219ti a fost salvat!"},"content":{"rendered":"<p>Raluca Turcan, fosta ministr\u0103 a Culturii, a reac\u021bionat cu entuziasm joi, pe re\u021belele sociale, la vestea privind recuperarea coifului de la Co\u021bofene\u0219ti \u0219i a dou\u0103 din cele trei br\u0103\u021b\u0103ri dacice, care au fost furate din Muzeul Drents la sf\u00e2r\u0219itul lunii ianuarie 2025. Anun\u021bul a venit at\u00e2t din partea autorit\u0103\u021bilor olandeze, c\u00e2t \u0219i a celor rom\u00e2ne.<\/p>\n<p>\u201eSunt extrem de fericit\u0103 \u0219i nu am avut niciodat\u0103 vreo \u00eendoial\u0103 c\u0103, \u00een cele din urm\u0103, aceast\u0103 pies\u0103 de tezaur va fi recuperat\u0103. Contractul de asigurare a fost solid, dovad\u0103 fiind faptul c\u0103 olandezii au pl\u0103tit rapid desp\u0103gubirea de aproape 6 milioane de euro\u201d, a subliniat Turcan \u00een postarea sa pe Facebook.<\/p>\n<p>Fosta ministr\u0103 a l\u0103udat eforturile depuse de autorit\u0103\u021bi, men\u021bion\u00e2nd c\u0103 \u201epoli\u021bia olandez\u0103 a depus un efort considerabil \u0219i nu a renun\u021bat la c\u0103utarea acestor artefacte\u201d.<\/p>\n<p>\u201eEste important de men\u021bionat c\u0103 poli\u021bia olandez\u0103 a muncit din greu \u0219i nu a abandonat investiga\u021bia, av\u00e2nd \u00een vedere valoarea mare a asigur\u0103rii. Nimeni nu se a\u0219tepta s\u0103 ajung\u0103 la plata acesteia. De asemenea, doresc s\u0103 felicit Poli\u021bia Rom\u00e2n\u0103 pentru profesionalismul \u0219i determinarea de care au dat dovad\u0103!\u201d, a ad\u0103ugat Turcan.<\/p>\n<p>\u00cen acela\u0219i timp, Raluca Turcan a criticat atacurile nejustificate \u00eendreptate \u00eempotriva speciali\u0219tilor din muzee. Ea a declarat: \u201eEste profund nedrept ceea ce s-a \u00eent\u00e2mplat \u00een Rom\u00e2nia \u2013 speciali\u0219ti cu o reputa\u021bie irepro\u0219abil\u0103 \u00een domeniul muzeal au fost ataca\u021bi \u0219i denigra\u021bi din cauza unor ho\u021bi! Un prim-ministru \u0219i un partid aflat la guvernare \u0219i-au f\u0103cut o tem\u0103 de campanie din atacarea acestor oameni nevinova\u021bi. \u0218i la ce i-a ajutat? La nimic. Nici speciali\u0219tii din muzee \u0219i nici politicienii nu pot controla c\u00e2nd ho\u021bii comit spargeri. Ho\u021bia trebuie condamnat\u0103 \u00een mod unanim, nu oamenii care \u00eencearc\u0103 s\u0103 \u00ee\u0219i fac\u0103 treaba corect\u201d, a ad\u0103ugat aceasta.<\/p>\n<p>Raluca Turcan era ministru al Culturii \u00een momentul \u00een care a fost decis transferul tezaurului dacic la Muzeul Drents pentru organizarea unei expozi\u021bii. Ea a fost prezent\u0103 la deschiderea expozi\u021biei \u201eDacia! Regatul aurului \u0219i argintului\u201d, care a avut loc \u00een iulie 2024.<\/p>\n<p>La momentul jafului, Raluca Turcan a explicat c\u0103 ministerul Culturii nu are competen\u021ba de a decide asupra con\u021binutului colec\u021biilor expuse, iar orice aprobat\u0103 pentru export temporar de bunuri culturale se face exclusiv cu avizul speciali\u0219tilor din Comisia Na\u021bional\u0103 a Muzeelor \u0219i Colec\u021biilor.<\/p>\n","protected":false},"excerpt":{"rendered":"<p>Raluca Turcan, fosta ministr\u0103 a Culturii, a reac\u021bionat cu entuziasm joi, pe re\u021belele sociale, la vestea privind recuperarea coifului de la Co\u021bofene\u0219ti \u0219i a dou\u0103 din cele trei br\u0103\u021b\u0103ri dacice, care au fost furate din Muzeul Drents la sf\u00e2r\u0219itul lunii ianuarie 2025. Anun\u021bul a venit at\u00e2t din partea autorit\u0103\u021bilor olandeze, c\u00e2t \u0219i a celor rom\u00e2ne. [&hellip;]<\/p>\n","protected":false},"author":7,"featured_media":11615,"comment_status":"open","ping_status":"open","sticky":false,"template":"","format":"standard","meta":{"jnews-multi-image_gallery":[],"jnews_single_post":[],"jnews_primary_category":[],"jnews_override_counter":[],"footnotes":""},"categories":[43],"tags":[11029,14542,14482,1008,14483,2598,14543,4256],"class_list":["post-11614","post","type-post","status-publish","format-standard","has-post-thumbnail","hentry","category-cultura","tag-asigurare","tag-bratari-dacice","tag-coiful-de-la-cotofenesti","tag-muzeul-drents","tag-politia-olandeza","tag-raluca-turcan","tag-recuperare-artefacte","tag-tezaur"],"_links":{"self":[{"href":"https:\/\/www.newsrecorder.ro\/app\/wp-json\/wp\/v2\/posts\/11614","targetHints":{"allow":["GET"]}}],"collection":[{"href":"https:\/\/www.newsrecorder.ro\/app\/wp-json\/wp\/v2\/posts"}],"about":[{"href":"https:\/\/www.newsrecorder.ro\/app\/wp-json\/wp\/v2\/types\/post"}],"author":[{"embeddable":true,"href":"https:\/\/www.newsrecorder.ro\/app\/wp-json\/wp\/v2\/users\/7"}],"replies":[{"embeddable":true,"href":"https:\/\/www.newsrecorder.ro\/app\/wp-json\/wp\/v2\/comments?post=11614"}],"version-history":[{"count":0,"href":"https:\/\/www.newsrecorder.ro\/app\/wp-json\/wp\/v2\/posts\/11614\/revisions"}],"wp:featuredmedia":[{"embeddable":true,"href":"https:\/\/www.newsrecorder.ro\/app\/wp-json\/wp\/v2\/media\/11615"}],"wp:attachment":[{"href":"https:\/\/www.newsrecorder.ro\/app\/wp-json\/wp\/v2\/media?parent=11614"}],"wp:term":[{"taxonomy":"category","embeddable":true,"href":"https:\/\/www.newsrecorder.ro\/app\/wp-json\/wp\/v2\/categories?post=11614"},{"taxonomy":"post_tag","embeddable":true,"href":"https:\/\/www.newsrecorder.ro\/app\/wp-json\/wp\/v2\/tags?post=11614"}],"curies":[{"name":"wp","href":"https:\/\/api.w.org\/{rel}","templated":true}]}}