{"id":11618,"date":"2026-04-02T17:05:31","date_gmt":"2026-04-02T17:05:31","guid":{"rendered":"https:\/\/www.newsrecorder.ro\/app\/2026\/04\/02\/descoperire-istorica-coiful-de-la-cotofenesti-si-bratarile-dacice-recuperate\/"},"modified":"2026-04-02T17:05:31","modified_gmt":"2026-04-02T17:05:31","slug":"descoperire-istorica-coiful-de-la-cotofenesti-si-bratarile-dacice-recuperate","status":"publish","type":"post","link":"https:\/\/www.newsrecorder.ro\/app\/2026\/04\/02\/descoperire-istorica-coiful-de-la-cotofenesti-si-bratarile-dacice-recuperate\/","title":{"rendered":"Descoperire istoric\u0103: Coiful de la Co\u021bofene\u0219ti \u0219i br\u0103\u021b\u0103rile dacice recuperate!"},"content":{"rendered":"<p><a style=\"color: #0000ff\" href=\"https:\/\/www.mediafax.ro\/cultura-media\/coiful-de-la-cotofenesti-si-bratarile-dacice-au-intrat-in-posesia-autoritatilor-romane-23714107\">Autorit\u0103\u021bile olandeze<\/a> au f\u0103cut un pas important \u00een recuperarea patrimoniului cultural rom\u00e2nesc, pred\u00e2nd oficial Coiful de la Co\u021bofene\u0219ti \u0219i dou\u0103 br\u0103\u021b\u0103ri dacice autorit\u0103\u021bilor din Rom\u00e2nia. Aceste obiecte valoroase au fost recuperate \u00een urma unei investiga\u021bii ce a avut loc dup\u0103 un jaf petrecut \u00een ianuarie 2025.<\/p>\n<p>Predarea a fost realizat\u0103 la sediul muzeului din Drents, un eveniment marcat de prezen\u021ba procurorului-\u0219ef al Parchetului Olandei de Nord, liderul rom\u00e2n al echipei comune de anchet\u0103 din cadrul PICCJ \u0219i un reprezentant al Rom\u00e2niei la Eurojust. \u00centr-un comunicat oficial, Parchetul de pe l\u00e2ng\u0103 \u00cenalta Curte de Casa\u021bie \u0219i Justi\u021bie a confirmat c\u0103 pe 2 aprilie 2026, autorit\u0103\u021bile neerlandeze au predat aceste obiecte de patrimoniu recuperate.<\/p>\n<p>Ministerul Afacerilor Interne (MAI) a subliniat c\u0103 acest succes reprezint\u0103 un exemplu de bune practici \u00een cooperarea interna\u021bional\u0103, eviden\u021biind contribu\u021bia esen\u021bial\u0103 a autorit\u0103\u021bilor olandeze \u00een descoperirea \u0219i recuperarea bunurilor furate. Aceast\u0103 colaborare str\u00e2ns\u0103 a fost facilitat\u0103 de echipele comune de anchet\u0103 formate de autorit\u0103\u021bile judiciare din Olanda \u0219i Rom\u00e2nia.<\/p>\n<p>\u00cen data de 24 ianuarie 2025, Coiful de la Co\u021bofene\u0219ti \u0219i cele trei br\u0103\u021b\u0103ri dacice de aur au fost furate din expozi\u021bia \u201eDacia! Regatul aurului \u0219i argintului\u201d de la Muzeul Drents. La scurt timp dup\u0103 incident, Inspectoratul General al Poli\u021biei Rom\u00e2ne a fost informat despre o explozie care a avut loc la muzeu, care a dus la deschiderea unui dosar penal ce a implicat cercet\u0103ri complexe de c\u0103tre procurori \u0219i speciali\u0219ti rom\u00e2ni.<\/p>\n<p>MAI a men\u021bionat c\u0103, \u00eenc\u0103 de la \u00eenceput, Ministerul Afacerilor Interne \u0219i Poli\u021bia Rom\u00e2n\u0103 au men\u021binut un dialog constant cu autorit\u0103\u021bile olandeze, activ\u00e2nd toate mecanismele de cooperare interna\u021bional\u0103. Oficialii MAI au mul\u021bumit \u00een mod special ministrului olandez al Afacerilor Interne, Pieter Heerma, pentru profesionalismul ar\u0103tat \u00een gestionarea cazului.<\/p>\n<p>\u00cen ceea ce prive\u0219te starea obiectelor recuperate, procurorul a declarat c\u0103 Coiful de la Co\u021bofene\u0219ti a suferit daune minore, av\u00e2nd c\u00e2teva \u00eendoituri, dar care pot fi reparate complet. \u00cen contrast, br\u0103\u021b\u0103rile au fost g\u0103site intacte.<\/p>\n<p>Rom\u00e2nia va restitui suma de 5,85 milioane de euro, care a fost primit\u0103 drept desp\u0103gubire \u00een urma jafului. Ministrul de Externe, Oana \u021aoiu, a explicat c\u0103 aceast\u0103 sum\u0103 va fi returnat\u0103 dup\u0103 ce expertiza va confirma starea de conservare a artefactelor.<\/p>\n<p>Conform RTV Drenthe, artefactele au fost predate de avoca\u021bii suspec\u021bilor, care au colaborat pentru a facilita restituirea acestora. Procesul celor trei suspec\u021bi, care se afl\u0103 \u00een arest, este programat s\u0103 \u00eenceap\u0103 \u00een mijlocul lunii aprilie.<\/p>\n<p>Daniela Buruian\u0103, o oficialitate rom\u00e2n\u0103, a subliniat importan\u021ba colabor\u0103rii interna\u021bionale, men\u021bion\u00e2nd c\u0103, la doar zece zile dup\u0103 jaful din 2025, a fost format\u0103 o echip\u0103 special\u0103 pentru a urm\u0103ri comorile de art\u0103. Eforturile au dat roade, iar autorit\u0103\u021bile olandeze continu\u0103 c\u0103ut\u0103rile pentru a recupera cea de-a treia br\u0103\u021bar\u0103 din tezaurul rom\u00e2nesc.<\/p>\n<p>Recent, Ministerul Justi\u021biei din Olanda a confirmat c\u0103 suspec\u021bii au cooperat cu autorit\u0103\u021bile pentru recuperarea artefactelor, semn c\u0103 ancheta progreseaz\u0103. \u00cen concluzie, autorit\u0103\u021bile olandeze au anun\u021bat oficial c\u0103 Coiful de la Co\u021bofene\u0219ti \u0219i cele dou\u0103 br\u0103\u021b\u0103ri au fost recuperate, iar conferin\u021bele de pres\u0103 vor oferi mai multe detalii despre acest caz remarcabil.<\/p>\n","protected":false},"excerpt":{"rendered":"<p>Autorit\u0103\u021bile olandeze au f\u0103cut un pas important \u00een recuperarea patrimoniului cultural rom\u00e2nesc, pred\u00e2nd oficial Coiful de la Co\u021bofene\u0219ti \u0219i dou\u0103 br\u0103\u021b\u0103ri dacice autorit\u0103\u021bilor din Rom\u00e2nia. Aceste obiecte valoroase au fost recuperate \u00een urma unei investiga\u021bii ce a avut loc dup\u0103 un jaf petrecut \u00een ianuarie 2025. Predarea a fost realizat\u0103 la sediul muzeului din Drents, [&hellip;]<\/p>\n","protected":false},"author":7,"featured_media":11619,"comment_status":"open","ping_status":"open","sticky":false,"template":"","format":"standard","meta":{"jnews-multi-image_gallery":[],"jnews_single_post":[],"jnews_primary_category":[],"jnews_override_counter":[],"footnotes":""},"categories":[43],"tags":[817,14547,14542,14482,465,14548,1009,585],"class_list":["post-11618","post","type-post","status-publish","format-standard","has-post-thumbnail","hentry","category-cultura","tag-ancheta","tag-autoritati-olandeze","tag-bratari-dacice","tag-coiful-de-la-cotofenesti","tag-cooperare-internationala","tag-jaf","tag-patrimoniu-cultural","tag-recuperare"],"_links":{"self":[{"href":"https:\/\/www.newsrecorder.ro\/app\/wp-json\/wp\/v2\/posts\/11618","targetHints":{"allow":["GET"]}}],"collection":[{"href":"https:\/\/www.newsrecorder.ro\/app\/wp-json\/wp\/v2\/posts"}],"about":[{"href":"https:\/\/www.newsrecorder.ro\/app\/wp-json\/wp\/v2\/types\/post"}],"author":[{"embeddable":true,"href":"https:\/\/www.newsrecorder.ro\/app\/wp-json\/wp\/v2\/users\/7"}],"replies":[{"embeddable":true,"href":"https:\/\/www.newsrecorder.ro\/app\/wp-json\/wp\/v2\/comments?post=11618"}],"version-history":[{"count":0,"href":"https:\/\/www.newsrecorder.ro\/app\/wp-json\/wp\/v2\/posts\/11618\/revisions"}],"wp:featuredmedia":[{"embeddable":true,"href":"https:\/\/www.newsrecorder.ro\/app\/wp-json\/wp\/v2\/media\/11619"}],"wp:attachment":[{"href":"https:\/\/www.newsrecorder.ro\/app\/wp-json\/wp\/v2\/media?parent=11618"}],"wp:term":[{"taxonomy":"category","embeddable":true,"href":"https:\/\/www.newsrecorder.ro\/app\/wp-json\/wp\/v2\/categories?post=11618"},{"taxonomy":"post_tag","embeddable":true,"href":"https:\/\/www.newsrecorder.ro\/app\/wp-json\/wp\/v2\/tags?post=11618"}],"curies":[{"name":"wp","href":"https:\/\/api.w.org\/{rel}","templated":true}]}}