{"id":1163,"date":"2026-01-31T22:25:19","date_gmt":"2026-01-31T22:25:19","guid":{"rendered":"https:\/\/www.newsrecorder.ro\/app\/2026\/01\/31\/iranul-acuza-sua-israel-si-europa-de-incitarea-protestelor-violente\/"},"modified":"2026-01-31T22:25:19","modified_gmt":"2026-01-31T22:25:19","slug":"iranul-acuza-sua-israel-si-europa-de-incitarea-protestelor-violente","status":"publish","type":"post","link":"https:\/\/www.newsrecorder.ro\/app\/2026\/01\/31\/iranul-acuza-sua-israel-si-europa-de-incitarea-protestelor-violente\/","title":{"rendered":"Iranul acuz\u0103 SUA, Israel \u0219i Europa de incitarea protestelor violente"},"content":{"rendered":"<p>Pezeshkian, pre\u0219edintele Iranului, a lansat critici dure la adresa liderilor interna\u021bionali, inclusiv pre\u0219edintelui american Donald Trump \u0219i premierului israelian Benjamin Netanyahu, acuz\u00e2ndu-i c\u0103 \u201eprovoac\u0103, creeaz\u0103 diviziuni \u0219i aloc\u0103 resurse pentru a alimenta tensiunile, implic\u00e2nd \u00een aceast\u0103 mi\u0219care \u0219i oameni nevinova\u021bi\u201d. Declara\u021biile sale au fost f\u0103cute \u00eentr-o interven\u021bie la televiziunea de stat, conform informa\u021biilor publicate de <a href=\"https:\/\/www.politico.eu\/article\/iran-president-masoud-pezeshkian-blames-donald-trump-benjamin-netanyahu-europe-fueling-violent-protests\/\" target=\"_blank\" rel=\"noopener\">Politico<\/a>.<\/p>\n<p>Pezeshkian a subliniat c\u0103 protestele din Iran nu sunt doar o simpl\u0103 manifesta\u021bie social\u0103, ci un efort organizat de a crea diviziuni profunde \u00een societate. \u201eToat\u0103 lumea \u0219tie c\u0103 problema nu a fost doar un protest social\u201d, a declarat el, pun\u00e2nd accentul pe complexitatea situa\u021biei actuale.<\/p>\n<p>Protestele au \u00eenceput la sf\u00e2r\u0219itul anului 2025, \u00een contextul unei crize economice severe care a afectat puternic Iranul. R\u0103spunsul guvernului a fost unul brutal, caracterizat prin arest\u0103ri \u00een mas\u0103, acte de violen\u021b\u0103 \u0219i o \u00eentrerupere a accesului la internet.<\/p>\n<p>Organiza\u021biile pentru drepturile omului au raportat c\u0103 mii de oameni au fost uci\u0219i sau re\u021binu\u021bi \u00een timpul acestor manifesta\u021bii. Consiliul ONU pentru Drepturile Omului a convocat o sesiune de urgen\u021b\u0103, men\u021bion\u00e2nd c\u0103 violen\u021bele \u00eempotriva protestatarilor \u00een ultimele s\u0103pt\u0103m\u00e2ni sunt cele mai s\u00e2ngeroase observate de la revolu\u021bia islamic\u0103 din 1979.<\/p>\n<p>\u00cen acest context, Donald Trump a promis \u00een repetate r\u00e2nduri protestatarilor c\u0103 \u201eajutorul este pe drum\u201d. De asemenea, a avertizat recent asupra unei posibile <a href=\"https:\/\/www.mediafax.ro\/stirile-zilei\/pete-hegseth-avertizeaza-iranul-asupra-programului-nuclear-suntem-pregatiti-sa-actionam-23678777\">ac\u021biuni militare<\/a> ca reac\u021bie la represiunea guvernamental\u0103.<\/p>\n<p>\u00cen urma acestor evenimente, Uniunea European\u0103 a decis s\u0103 desemneze Corpul Gardienilor Revolu\u021biei Islamice drept <a href=\"https:\/\/www.mediafax.ro\/stirile-zilei\/ue-declara-garda-revolutionara-din-iran-organizatie-terorista-si-sanctioneaza-mai-multi-oficiali-23678678\">organiza\u021bie terorist\u0103<\/a>. \u201eRepresiunea nu poate r\u0103m\u00e2ne f\u0103r\u0103 r\u0103spuns\u201d, a afirmat pe platforma X \u0219efa diploma\u021biei UE, Kaja Kallas.<\/p>\n","protected":false},"excerpt":{"rendered":"<p>Pezeshkian, pre\u0219edintele Iranului, a lansat critici dure la adresa liderilor interna\u021bionali, inclusiv pre\u0219edintelui american Donald Trump \u0219i premierului israelian Benjamin Netanyahu, acuz\u00e2ndu-i c\u0103 \u201eprovoac\u0103, creeaz\u0103 diviziuni \u0219i aloc\u0103 resurse pentru a alimenta tensiunile, implic\u00e2nd \u00een aceast\u0103 mi\u0219care \u0219i oameni nevinova\u021bi\u201d. Declara\u021biile sale au fost f\u0103cute \u00eentr-o interven\u021bie la televiziunea de stat, conform informa\u021biilor publicate de [&hellip;]<\/p>\n","protected":false},"author":2,"featured_media":1164,"comment_status":"open","ping_status":"open","sticky":false,"template":"","format":"standard","meta":{"jnews-multi-image_gallery":[],"jnews_single_post":[],"jnews_primary_category":[],"jnews_override_counter":[],"footnotes":""},"categories":[41],"tags":[2091,2090,913,2092,2089,1035,1357,2093],"class_list":["post-1163","post","type-post","status-publish","format-standard","has-post-thumbnail","hentry","category-externe","tag-criza-economica","tag-diviziuni","tag-iran","tag-lideri-internationali","tag-pezeshkian","tag-proteste","tag-tensiuni","tag-violenta"],"_links":{"self":[{"href":"https:\/\/www.newsrecorder.ro\/app\/wp-json\/wp\/v2\/posts\/1163","targetHints":{"allow":["GET"]}}],"collection":[{"href":"https:\/\/www.newsrecorder.ro\/app\/wp-json\/wp\/v2\/posts"}],"about":[{"href":"https:\/\/www.newsrecorder.ro\/app\/wp-json\/wp\/v2\/types\/post"}],"author":[{"embeddable":true,"href":"https:\/\/www.newsrecorder.ro\/app\/wp-json\/wp\/v2\/users\/2"}],"replies":[{"embeddable":true,"href":"https:\/\/www.newsrecorder.ro\/app\/wp-json\/wp\/v2\/comments?post=1163"}],"version-history":[{"count":0,"href":"https:\/\/www.newsrecorder.ro\/app\/wp-json\/wp\/v2\/posts\/1163\/revisions"}],"wp:featuredmedia":[{"embeddable":true,"href":"https:\/\/www.newsrecorder.ro\/app\/wp-json\/wp\/v2\/media\/1164"}],"wp:attachment":[{"href":"https:\/\/www.newsrecorder.ro\/app\/wp-json\/wp\/v2\/media?parent=1163"}],"wp:term":[{"taxonomy":"category","embeddable":true,"href":"https:\/\/www.newsrecorder.ro\/app\/wp-json\/wp\/v2\/categories?post=1163"},{"taxonomy":"post_tag","embeddable":true,"href":"https:\/\/www.newsrecorder.ro\/app\/wp-json\/wp\/v2\/tags?post=1163"}],"curies":[{"name":"wp","href":"https:\/\/api.w.org\/{rel}","templated":true}]}}