{"id":11632,"date":"2026-04-02T17:12:00","date_gmt":"2026-04-02T17:12:00","guid":{"rendered":"https:\/\/www.newsrecorder.ro\/app\/2026\/04\/02\/ilie-bolojan-adevarul-despre-relatia-cu-aur-si-negocierile-ascunse\/"},"modified":"2026-04-02T17:12:00","modified_gmt":"2026-04-02T17:12:00","slug":"ilie-bolojan-adevarul-despre-relatia-cu-aur-si-negocierile-ascunse","status":"publish","type":"post","link":"https:\/\/www.newsrecorder.ro\/app\/2026\/04\/02\/ilie-bolojan-adevarul-despre-relatia-cu-aur-si-negocierile-ascunse\/","title":{"rendered":"Ilie Bolojan: Adev\u0103rul despre rela\u021bia cu AUR \u0219i negocierile ascunse!"},"content":{"rendered":"<p>\u00centr-un recent interviu, premierul Ilie Bolojan a fost \u00eentrebat dac\u0103 a c\u0103utat sprijin din partea parlamentarilor AUR. R\u0103spunsul s\u0103u a fost clar: \u201eNu am negociat cu niciun parlamentar sus\u021binerea, nici de la AUR\u201d.<\/p>\n<p>Bolojan a men\u021bionat, totodat\u0103, apropierea dintre PSD \u0219i AUR \u00een contextul discu\u021biilor legate de bugetul pe 2026. El a f\u0103cut referire la comentariile lui Petri\u0219or Peiu, liderul senatorilor AUR, \u0219i la declara\u021biile acestuia privind negocierile cu reprezentan\u021bii PSD despre amendamentele la buget.<\/p>\n<p>Cu toate acestea, premierul a subliniat importan\u021ba men\u021binerii unei atitudini civilizate fa\u021b\u0103 de toate partidele, av\u00e2nd \u00een vedere func\u021bia pe care o ocup\u0103. \u201eC\u00e2nd \u00eent\u00e2lnesc un coleg din parlament, chiar \u0219i de la AUR, \u00eencerc s\u0103 m\u0103 comport \u00eentotdeauna civilizat. Fiind premierul Rom\u00e2niei, nu pot desfiin\u021ba un partid, deoarece a\u0219 desconsidera indirect electoratul acestuia\u201d, a declarat Bolojan \u00eentr-un interviu acordat Europa FM.<\/p>\n<p>\u00cen ceea ce prive\u0219te AUR, premierul a fost \u00eentrebat dac\u0103 consider\u0103 c\u0103 forma\u021biunea este extremist\u0103. R\u0103spunsul s\u0103u a fost ferm: \u201ePrin comportamentele pe care le-a generat \u00een ace\u0219ti ani, \u0219i-a pus o etichet\u0103\u201d.<\/p>\n<p>Referitor la posibilitatea form\u0103rii unui guvern minoritar, Bolojan a afirmat c\u0103 acest scenariu ar complica gestionarea provoc\u0103rilor cu care se confrunt\u0103 statul rom\u00e2n. \u201eRom\u00e2nia nu cred c\u0103 are nevoie de un guvern minoritar. V-am mai spus asta, dar \u00een situa\u021bii de criz\u0103 politic\u0103, cum am avut \u0219i \u00een anii anteriori, Rom\u00e2nia a func\u021bionat \u0219i cu guverne minoritare\u201d, a concluzionat premierul.<\/p>\n","protected":false},"excerpt":{"rendered":"<p>\u00centr-un recent interviu, premierul Ilie Bolojan a fost \u00eentrebat dac\u0103 a c\u0103utat sprijin din partea parlamentarilor AUR. R\u0103spunsul s\u0103u a fost clar: \u201eNu am negociat cu niciun parlamentar sus\u021binerea, nici de la AUR\u201d. Bolojan a men\u021bionat, totodat\u0103, apropierea dintre PSD \u0219i AUR \u00een contextul discu\u021biilor legate de bugetul pe 2026. El a f\u0103cut referire la [&hellip;]<\/p>\n","protected":false},"author":2,"featured_media":11633,"comment_status":"open","ping_status":"open","sticky":false,"template":"","format":"standard","meta":{"jnews-multi-image_gallery":[],"jnews_single_post":[],"jnews_primary_category":[],"jnews_override_counter":[],"footnotes":""},"categories":[42],"tags":[14561,1916,1068,302,686,444,4106,300],"class_list":["post-11632","post","type-post","status-publish","format-standard","has-post-thumbnail","hentry","category-politica","tag-atitudine-civilizata","tag-aur","tag-buget","tag-ilie-bolojan","tag-negocieri","tag-parlament","tag-petrisor-peiu","tag-psd"],"_links":{"self":[{"href":"https:\/\/www.newsrecorder.ro\/app\/wp-json\/wp\/v2\/posts\/11632","targetHints":{"allow":["GET"]}}],"collection":[{"href":"https:\/\/www.newsrecorder.ro\/app\/wp-json\/wp\/v2\/posts"}],"about":[{"href":"https:\/\/www.newsrecorder.ro\/app\/wp-json\/wp\/v2\/types\/post"}],"author":[{"embeddable":true,"href":"https:\/\/www.newsrecorder.ro\/app\/wp-json\/wp\/v2\/users\/2"}],"replies":[{"embeddable":true,"href":"https:\/\/www.newsrecorder.ro\/app\/wp-json\/wp\/v2\/comments?post=11632"}],"version-history":[{"count":0,"href":"https:\/\/www.newsrecorder.ro\/app\/wp-json\/wp\/v2\/posts\/11632\/revisions"}],"wp:featuredmedia":[{"embeddable":true,"href":"https:\/\/www.newsrecorder.ro\/app\/wp-json\/wp\/v2\/media\/11633"}],"wp:attachment":[{"href":"https:\/\/www.newsrecorder.ro\/app\/wp-json\/wp\/v2\/media?parent=11632"}],"wp:term":[{"taxonomy":"category","embeddable":true,"href":"https:\/\/www.newsrecorder.ro\/app\/wp-json\/wp\/v2\/categories?post=11632"},{"taxonomy":"post_tag","embeddable":true,"href":"https:\/\/www.newsrecorder.ro\/app\/wp-json\/wp\/v2\/tags?post=11632"}],"curies":[{"name":"wp","href":"https:\/\/api.w.org\/{rel}","templated":true}]}}