{"id":11660,"date":"2026-04-02T20:20:36","date_gmt":"2026-04-02T20:20:36","guid":{"rendered":"https:\/\/www.newsrecorder.ro\/app\/2026\/04\/02\/ucraina-contracareaza-pe-orban-cu-o-emisiune-online-non-stop\/"},"modified":"2026-04-02T20:20:36","modified_gmt":"2026-04-02T20:20:36","slug":"ucraina-contracareaza-pe-orban-cu-o-emisiune-online-non-stop","status":"publish","type":"post","link":"https:\/\/www.newsrecorder.ro\/app\/2026\/04\/02\/ucraina-contracareaza-pe-orban-cu-o-emisiune-online-non-stop\/","title":{"rendered":"Ucraina contracareaz\u0103 pe Orb\u00e1n cu o emisiune online non-stop!"},"content":{"rendered":"<p>Ministerul Afacerilor Externe al Ucrainei a decis s\u0103 adopte o abordare nou\u0103 \u00een reac\u021bia sa la declara\u021biile venite din Ungaria, cu at\u00e2t mai mult cu c\u00e2t se apropie alegerile parlamentare maghiare.<\/p>\n<p>Institu\u021bia a inaugurat o emisiune online permanent\u0103, denumit\u0103 \u201eRadio Maghiar Ucraina\u201d, care are scopul de a transmite pozi\u021bia oficial\u0103 a Kievului, conform informa\u021biilor furnizate de <a href=\"https:\/\/www.ukrinform.net\/rubric-polytics\/4108432-ukraines-mfa-launches-247-broadcast-to-rebut-orbans-statements.html\">Ukrinform<\/a>.<\/p>\n<p>Ini\u021biativa survine ca r\u0103spuns la numeroase afirma\u021bii criticate de partea ucrainean\u0103 \u0219i atribuite oficialilor maghiari. Anun\u021bul a fost f\u0103cut de purt\u0103torul de cuv\u00e2nt al Ministerului, Heorhii Tykhyi, pe re\u021beaua social\u0103 X.<\/p>\n<p>\u201e\u00cen fiecare zi, oficialii maghiari emit declara\u021bii absurde despre Ucraina. Ne-am s\u0103turat s\u0103 r\u0103spundem fiec\u0103rei dintre ele \u0219i am decis s\u0103 ne afirm\u0103m pozi\u021bia online printr-un post de radio, disponibil non-stop. \u00cei spunem \u00abRadio Maghiar Ucraina\u00bb\u201d, a declarat Ministerul Afacerilor Externe al Ucrainei.<\/p>\n<p>Postul de radio emite \u00een mai multe limbi, inclusiv \u00een maghiar\u0103, ucrainean\u0103 \u0219i englez\u0103, pentru a ajunge la un public c\u00e2t mai diversificat. \u00cen cadrul emisiunilor, sunt respinse majoritatea acuza\u021biilor formulate de premierul Viktor Orb\u00e1n \u0219i echipa sa.<\/p>\n<p>\u201eCondamn\u0103m constant \u00eencerc\u0103rile lui de a implica Ucraina \u00een politica sa intern\u0103 sau \u00een campania electoral\u0103. Ucraina nu a avut niciodat\u0103 \u0219i nu are inten\u021bia de a face r\u0103u Ungariei vecine. Facem apel la to\u021bi maghiarii s\u0103 nu se lase influen\u021ba\u021bi de propaganda toxic\u0103 anti-ucrainean\u0103 care provine zilnic din partea oficialilor. Suntem destina\u021bi s\u0103 fim buni vecini, membri ai Uniunii Europene \u0219i NATO, nu ai \u00ablumii ruse\u00bb. V\u0103 mul\u021bumim c\u0103 asculta\u021bi \u00abRadio Maghiar Ucraina\u00bb\u201d, a subliniat Ministerul.<\/p>\n<p>Tensiunile dintre cele dou\u0103 \u021b\u0103ri au crescut semnificativ \u00een ultima vreme, mai ales dup\u0103 ce Viktor Orb\u00e1n a acuzat Ucraina de interferen\u021b\u0103 \u00een politica intern\u0103 a Ungariei \u0219i a lansat critici la adresa pre\u0219edintelui Volodimir Zelenski.<\/p>\n","protected":false},"excerpt":{"rendered":"<p>Ministerul Afacerilor Externe al Ucrainei a decis s\u0103 adopte o abordare nou\u0103 \u00een reac\u021bia sa la declara\u021biile venite din Ungaria, cu at\u00e2t mai mult cu c\u00e2t se apropie alegerile parlamentare maghiare. Institu\u021bia a inaugurat o emisiune online permanent\u0103, denumit\u0103 \u201eRadio Maghiar Ucraina\u201d, care are scopul de a transmite pozi\u021bia oficial\u0103 a Kievului, conform informa\u021biilor furnizate [&hellip;]<\/p>\n","protected":false},"author":2,"featured_media":11661,"comment_status":"open","ping_status":"open","sticky":false,"template":"","format":"standard","meta":{"jnews-multi-image_gallery":[],"jnews_single_post":[],"jnews_primary_category":[],"jnews_override_counter":[],"footnotes":""},"categories":[41],"tags":[3160,14589,14591,14592,359,14590,14588,1924],"class_list":["post-11660","post","type-post","status-publish","format-standard","has-post-thumbnail","hentry","category-externe","tag-alegeri-parlamentare","tag-declaratii-oficiale","tag-emisie-online","tag-heorhii-tykhyi","tag-ministerul-afacerilor-externe","tag-pozitia-kievului","tag-radio-maghiar-ucraina","tag-ungaria"],"_links":{"self":[{"href":"https:\/\/www.newsrecorder.ro\/app\/wp-json\/wp\/v2\/posts\/11660","targetHints":{"allow":["GET"]}}],"collection":[{"href":"https:\/\/www.newsrecorder.ro\/app\/wp-json\/wp\/v2\/posts"}],"about":[{"href":"https:\/\/www.newsrecorder.ro\/app\/wp-json\/wp\/v2\/types\/post"}],"author":[{"embeddable":true,"href":"https:\/\/www.newsrecorder.ro\/app\/wp-json\/wp\/v2\/users\/2"}],"replies":[{"embeddable":true,"href":"https:\/\/www.newsrecorder.ro\/app\/wp-json\/wp\/v2\/comments?post=11660"}],"version-history":[{"count":0,"href":"https:\/\/www.newsrecorder.ro\/app\/wp-json\/wp\/v2\/posts\/11660\/revisions"}],"wp:featuredmedia":[{"embeddable":true,"href":"https:\/\/www.newsrecorder.ro\/app\/wp-json\/wp\/v2\/media\/11661"}],"wp:attachment":[{"href":"https:\/\/www.newsrecorder.ro\/app\/wp-json\/wp\/v2\/media?parent=11660"}],"wp:term":[{"taxonomy":"category","embeddable":true,"href":"https:\/\/www.newsrecorder.ro\/app\/wp-json\/wp\/v2\/categories?post=11660"},{"taxonomy":"post_tag","embeddable":true,"href":"https:\/\/www.newsrecorder.ro\/app\/wp-json\/wp\/v2\/tags?post=11660"}],"curies":[{"name":"wp","href":"https:\/\/api.w.org\/{rel}","templated":true}]}}