{"id":11680,"date":"2026-04-02T22:47:57","date_gmt":"2026-04-02T22:47:57","guid":{"rendered":"https:\/\/www.newsrecorder.ro\/app\/2026\/04\/02\/bucuresti-sub-ploi-si-vant-prognoza-meteo-pana-sambata-2\/"},"modified":"2026-04-02T22:47:57","modified_gmt":"2026-04-02T22:47:57","slug":"bucuresti-sub-ploi-si-vant-prognoza-meteo-pana-sambata-2","status":"publish","type":"post","link":"https:\/\/www.newsrecorder.ro\/app\/2026\/04\/02\/bucuresti-sub-ploi-si-vant-prognoza-meteo-pana-sambata-2\/","title":{"rendered":"Bucure\u0219ti sub ploi \u0219i v\u00e2nt: prognoza meteo p\u00e2n\u0103 s\u00e2mb\u0103t\u0103!"},"content":{"rendered":"<p>Vremea se anun\u021b\u0103 a fi \u00eenchis\u0103 joi, cu ploi moderate ce vor aduna \u00eentre 10 \u0219i 15 litri pe metru p\u0103trat. V\u00e2ntul va avea intensific\u0103ri pe parcursul zilei, ating\u00e2nd viteze de 40 p\u00e2n\u0103 la 45 km\/h, iar ulterior va sufla mai slab \u0219i moderat. Temperatura maxim\u0103 va sc\u0103dea fa\u021b\u0103 de ziua precedent\u0103, a\u0219tept\u00e2ndu-se s\u0103 se situeze \u00eentre 11 \u0219i 12 grade Celsius, \u00een timp ce temperatura minim\u0103 va fi \u00een jur de 7 grade.<\/p>\n<p>\u00cen ceea ce prive\u0219te ziua de vineri, cerul va fi predominant noros, iar ploile vor avea caracter de avers\u0103, cu precipita\u021bii estimate \u00eentre 2 \u0219i 5 litri pe metru p\u0103trat. V\u00e2ntul va continua s\u0103 sufle slab \u0219i moderat. Temperatura maxim\u0103 va \u00eenregistra o u\u0219oar\u0103 cre\u0219tere fa\u021b\u0103 de ziua anterioar\u0103, ating\u00e2nd aproximativ 15 grade, iar temperatura minim\u0103 se va situa \u00eentre 6 \u0219i 8 grade.<\/p>\n<p>S\u00e2mb\u0103t\u0103, vremea va fi temporar noros, cu posibile averse ce ar putea fi \u00eenso\u021bite de desc\u0103rc\u0103ri electrice. V\u00e2ntul va persista \u00een regim slab \u0219i moderat, iar temperatura maxim\u0103 va varia \u00eentre 15 \u0219i 16 grade Celsius.<\/p>\n<p>Este important de men\u021bionat c\u0103, \u00een perioada de joi, ora 06:00 p\u00e2n\u0103 s\u00e2mb\u0103t\u0103, ora 18:00, \u00een Bucure\u0219ti va fi \u00een vigoare o informare meteorologic\u0103 ce vizeaz\u0103 ploi moderate cantitativ \u0219i intensific\u0103ri ale v\u00e2ntului.<\/p>\n","protected":false},"excerpt":{"rendered":"<p>Vremea se anun\u021b\u0103 a fi \u00eenchis\u0103 joi, cu ploi moderate ce vor aduna \u00eentre 10 \u0219i 15 litri pe metru p\u0103trat. V\u00e2ntul va avea intensific\u0103ri pe parcursul zilei, ating\u00e2nd viteze de 40 p\u00e2n\u0103 la 45 km\/h, iar ulterior va sufla mai slab \u0219i moderat. Temperatura maxim\u0103 va sc\u0103dea fa\u021b\u0103 de ziua precedent\u0103, a\u0219tept\u00e2ndu-se s\u0103 se [&hellip;]<\/p>\n","protected":false},"author":5,"featured_media":11681,"comment_status":"open","ping_status":"open","sticky":false,"template":"","format":"standard","meta":{"jnews-multi-image_gallery":[],"jnews_single_post":[],"jnews_primary_category":[],"jnews_override_counter":[],"footnotes":""},"categories":[45],"tags":[14612,14311,13329,12471,132,126,137,2343],"class_list":["post-11680","post","type-post","status-publish","format-standard","has-post-thumbnail","hentry","category-meteo","tag-aversa","tag-descarcari-electrice","tag-noros","tag-ploi","tag-prognoza","tag-temperaturi","tag-vant","tag-vremea"],"_links":{"self":[{"href":"https:\/\/www.newsrecorder.ro\/app\/wp-json\/wp\/v2\/posts\/11680","targetHints":{"allow":["GET"]}}],"collection":[{"href":"https:\/\/www.newsrecorder.ro\/app\/wp-json\/wp\/v2\/posts"}],"about":[{"href":"https:\/\/www.newsrecorder.ro\/app\/wp-json\/wp\/v2\/types\/post"}],"author":[{"embeddable":true,"href":"https:\/\/www.newsrecorder.ro\/app\/wp-json\/wp\/v2\/users\/5"}],"replies":[{"embeddable":true,"href":"https:\/\/www.newsrecorder.ro\/app\/wp-json\/wp\/v2\/comments?post=11680"}],"version-history":[{"count":0,"href":"https:\/\/www.newsrecorder.ro\/app\/wp-json\/wp\/v2\/posts\/11680\/revisions"}],"wp:featuredmedia":[{"embeddable":true,"href":"https:\/\/www.newsrecorder.ro\/app\/wp-json\/wp\/v2\/media\/11681"}],"wp:attachment":[{"href":"https:\/\/www.newsrecorder.ro\/app\/wp-json\/wp\/v2\/media?parent=11680"}],"wp:term":[{"taxonomy":"category","embeddable":true,"href":"https:\/\/www.newsrecorder.ro\/app\/wp-json\/wp\/v2\/categories?post=11680"},{"taxonomy":"post_tag","embeddable":true,"href":"https:\/\/www.newsrecorder.ro\/app\/wp-json\/wp\/v2\/tags?post=11680"}],"curies":[{"name":"wp","href":"https:\/\/api.w.org\/{rel}","templated":true}]}}