{"id":11690,"date":"2026-04-02T22:48:49","date_gmt":"2026-04-02T22:48:49","guid":{"rendered":"https:\/\/www.newsrecorder.ro\/app\/2026\/04\/02\/alerta-meteo-ploi-si-ninsori-in-jumatate-din-romania-harta-inclusa-4\/"},"modified":"2026-04-02T22:48:49","modified_gmt":"2026-04-02T22:48:49","slug":"alerta-meteo-ploi-si-ninsori-in-jumatate-din-romania-harta-inclusa-4","status":"publish","type":"post","link":"https:\/\/www.newsrecorder.ro\/app\/2026\/04\/02\/alerta-meteo-ploi-si-ninsori-in-jumatate-din-romania-harta-inclusa-4\/","title":{"rendered":"Alert\u0103 meteo: Ploi \u0219i ninsori \u00een jum\u0103tate din Rom\u00e2nia &#8211; HART\u0102 inclus\u0103!"},"content":{"rendered":"<p>Avertizarea de cod galben emis\u0103 de Administra\u021bia Na\u021bional\u0103 de Meteorologie (ANM) va fi activ\u0103 p\u00e2n\u0103 luni, la ora 10:00. Aceasta se refer\u0103 \u00een special la precipita\u021bii semnificative, iar \u00een zonele montane, la altitudini de peste 1600 m, se a\u0219teapt\u0103 ninsori, viscol \u0219i acumul\u0103ri de z\u0103pad\u0103.<\/p>\n<p>Conform ANM, \u00een perioada men\u021bionat\u0103, regiunile Dobrogea, cea mai mare parte a Moldovei, Muntenia \u0219i sud-estul Transilvaniei vor fi afectate de ploi semnificative. La munte, precipita\u021biile vor fi mixte, iar \u00een Carpa\u021bii Meridionali \u0219i Orientali, la altitudini mai mari de 1600 m, se va \u00eenregistra ninsoare, cu un strat de z\u0103pad\u0103 consistent, estimat la grosimi de 10 p\u00e2n\u0103 la 20 cm. De asemenea, viscolul va genera v\u00e2nt cu rafale ce pot atinge 60 p\u00e2n\u0103 la 70 km\/h. P\u00e2n\u0103 la sf\u00e2r\u0219itul acestui interval, se preconizeaz\u0103 acumul\u0103ri de ap\u0103 de 25 p\u00e2n\u0103 la 30 l\/mp, iar pe alocuri, valorile pot dep\u0103\u0219i 30 p\u00e2n\u0103 la 40 l\/mp.<\/p>\n<p>De asemenea, ANM a precizat c\u0103 \u00een estul \u0219i sud-vestul \u021b\u0103rii, v\u00e2ntul va avea intensific\u0103ri temporare, ating\u00e2nd viteze de 40 p\u00e2n\u0103 la 50 km\/h.<\/p>\n<p>&nbsp;<\/p>\n<p id=\"caption-attachment-23711644\" class=\"wp-caption-text\">Sursa foto: ANM<\/p>\n","protected":false},"excerpt":{"rendered":"<p>Avertizarea de cod galben emis\u0103 de Administra\u021bia Na\u021bional\u0103 de Meteorologie (ANM) va fi activ\u0103 p\u00e2n\u0103 luni, la ora 10:00. Aceasta se refer\u0103 \u00een special la precipita\u021bii semnificative, iar \u00een zonele montane, la altitudini de peste 1600 m, se a\u0219teapt\u0103 ninsori, viscol \u0219i acumul\u0103ri de z\u0103pad\u0103. Conform ANM, \u00een perioada men\u021bionat\u0103, regiunile Dobrogea, cea mai mare [&hellip;]<\/p>\n","protected":false},"author":5,"featured_media":11691,"comment_status":"open","ping_status":"open","sticky":false,"template":"","format":"standard","meta":{"jnews-multi-image_gallery":[],"jnews_single_post":[],"jnews_primary_category":[],"jnews_override_counter":[],"footnotes":""},"categories":[45],"tags":[1816,5970,1145,196,743,135,1142,729],"class_list":["post-11690","post","type-post","status-publish","format-standard","has-post-thumbnail","hentry","category-meteo","tag-administratia-nationala-de-meteorologie","tag-avertizare-meteo","tag-carpati","tag-cod-galben","tag-ninsoare","tag-precipitatii","tag-viscol","tag-zapada"],"_links":{"self":[{"href":"https:\/\/www.newsrecorder.ro\/app\/wp-json\/wp\/v2\/posts\/11690","targetHints":{"allow":["GET"]}}],"collection":[{"href":"https:\/\/www.newsrecorder.ro\/app\/wp-json\/wp\/v2\/posts"}],"about":[{"href":"https:\/\/www.newsrecorder.ro\/app\/wp-json\/wp\/v2\/types\/post"}],"author":[{"embeddable":true,"href":"https:\/\/www.newsrecorder.ro\/app\/wp-json\/wp\/v2\/users\/5"}],"replies":[{"embeddable":true,"href":"https:\/\/www.newsrecorder.ro\/app\/wp-json\/wp\/v2\/comments?post=11690"}],"version-history":[{"count":0,"href":"https:\/\/www.newsrecorder.ro\/app\/wp-json\/wp\/v2\/posts\/11690\/revisions"}],"wp:featuredmedia":[{"embeddable":true,"href":"https:\/\/www.newsrecorder.ro\/app\/wp-json\/wp\/v2\/media\/11691"}],"wp:attachment":[{"href":"https:\/\/www.newsrecorder.ro\/app\/wp-json\/wp\/v2\/media?parent=11690"}],"wp:term":[{"taxonomy":"category","embeddable":true,"href":"https:\/\/www.newsrecorder.ro\/app\/wp-json\/wp\/v2\/categories?post=11690"},{"taxonomy":"post_tag","embeddable":true,"href":"https:\/\/www.newsrecorder.ro\/app\/wp-json\/wp\/v2\/tags?post=11690"}],"curies":[{"name":"wp","href":"https:\/\/api.w.org\/{rel}","templated":true}]}}