{"id":1171,"date":"2026-01-31T22:26:17","date_gmt":"2026-01-31T22:26:17","guid":{"rendered":"https:\/\/www.newsrecorder.ro\/app\/2026\/01\/31\/profesor-din-arges-arestat-pentru-agresiune-sexuala-asupra-unei-eleve-de-13-ani\/"},"modified":"2026-01-31T22:26:17","modified_gmt":"2026-01-31T22:26:17","slug":"profesor-din-arges-arestat-pentru-agresiune-sexuala-asupra-unei-eleve-de-13-ani","status":"publish","type":"post","link":"https:\/\/www.newsrecorder.ro\/app\/2026\/01\/31\/profesor-din-arges-arestat-pentru-agresiune-sexuala-asupra-unei-eleve-de-13-ani\/","title":{"rendered":"Profesor din Arge\u0219, arestat pentru agresiune sexual\u0103 asupra unei eleve de 13 ani"},"content":{"rendered":"<p>Pe 30 ianuarie 2026, poli\u021bi\u0219tii de la Sec\u021bia de Poli\u021bie Rural\u0103 St\u00e2lpeni au fost alerta\u021bi de o mam\u0103 din comuna D\u00e2rm\u0103ne\u0219ti, care a raportat c\u0103 fiica sa, o elev\u0103 de doar 13 ani, ar fi fost victima unor acte de natur\u0103 sexual\u0103. Din investiga\u021biile efectuate, a reie\u0219it c\u0103 incidentul a avut loc pe 29 ianuarie 2026, \u00een jurul orei 10:30, pe holul \u0219colii gimnaziale din aceea\u0219i localitate. Se pare c\u0103 un cadru didactic \u00een v\u00e2rst\u0103 de 64 de ani a s\u0103rutat-o pe minor\u0103 at\u00e2t pe obraji, c\u00e2t \u0219i pe buze.<\/p>\n<p>\u00cen urma acestor informa\u021bii, poli\u021bi\u0219tii au deschis un dosar penal, av\u00e2nd \u00een vedere infrac\u021biunea de agresiune sexual\u0103 asupra unui minor.<\/p>\n<p>S\u00e2mb\u0103t\u0103, \u00een urma investiga\u021biilor desf\u0103\u0219urate, b\u0103rbatul a fost re\u021binut pentru 24 de ore. Acesta urmeaz\u0103 s\u0103 fie prezentat Parchetului de pe l\u00e2ng\u0103 Judec\u0103toria C\u00e2mpulung, unde se va propune luarea unei m\u0103suri preventive.<\/p>\n","protected":false},"excerpt":{"rendered":"<p>Pe 30 ianuarie 2026, poli\u021bi\u0219tii de la Sec\u021bia de Poli\u021bie Rural\u0103 St\u00e2lpeni au fost alerta\u021bi de o mam\u0103 din comuna D\u00e2rm\u0103ne\u0219ti, care a raportat c\u0103 fiica sa, o elev\u0103 de doar 13 ani, ar fi fost victima unor acte de natur\u0103 sexual\u0103. Din investiga\u021biile efectuate, a reie\u0219it c\u0103 incidentul a avut loc pe 29 ianuarie [&hellip;]<\/p>\n","protected":false},"author":2,"featured_media":1172,"comment_status":"open","ping_status":"open","sticky":false,"template":"","format":"standard","meta":{"jnews-multi-image_gallery":[],"jnews_single_post":[],"jnews_primary_category":[],"jnews_override_counter":[],"footnotes":""},"categories":[39],"tags":[856,2109,2108,506,2107,505,1098,2110],"class_list":["post-1171","post","type-post","status-publish","format-standard","has-post-thumbnail","hentry","category-stirile-zilei","tag-agresiune-sexuala","tag-darmanesti","tag-didactic","tag-dosar-penal","tag-minor","tag-politie","tag-retinere","tag-stalpeni"],"_links":{"self":[{"href":"https:\/\/www.newsrecorder.ro\/app\/wp-json\/wp\/v2\/posts\/1171","targetHints":{"allow":["GET"]}}],"collection":[{"href":"https:\/\/www.newsrecorder.ro\/app\/wp-json\/wp\/v2\/posts"}],"about":[{"href":"https:\/\/www.newsrecorder.ro\/app\/wp-json\/wp\/v2\/types\/post"}],"author":[{"embeddable":true,"href":"https:\/\/www.newsrecorder.ro\/app\/wp-json\/wp\/v2\/users\/2"}],"replies":[{"embeddable":true,"href":"https:\/\/www.newsrecorder.ro\/app\/wp-json\/wp\/v2\/comments?post=1171"}],"version-history":[{"count":0,"href":"https:\/\/www.newsrecorder.ro\/app\/wp-json\/wp\/v2\/posts\/1171\/revisions"}],"wp:featuredmedia":[{"embeddable":true,"href":"https:\/\/www.newsrecorder.ro\/app\/wp-json\/wp\/v2\/media\/1172"}],"wp:attachment":[{"href":"https:\/\/www.newsrecorder.ro\/app\/wp-json\/wp\/v2\/media?parent=1171"}],"wp:term":[{"taxonomy":"category","embeddable":true,"href":"https:\/\/www.newsrecorder.ro\/app\/wp-json\/wp\/v2\/categories?post=1171"},{"taxonomy":"post_tag","embeddable":true,"href":"https:\/\/www.newsrecorder.ro\/app\/wp-json\/wp\/v2\/tags?post=1171"}],"curies":[{"name":"wp","href":"https:\/\/api.w.org\/{rel}","templated":true}]}}