{"id":11722,"date":"2026-04-02T23:41:33","date_gmt":"2026-04-02T23:41:33","guid":{"rendered":"https:\/\/www.newsrecorder.ro\/app\/2026\/04\/02\/frf-pregateste-surprize-noul-antrenor-al-nationalei-se-apropie\/"},"modified":"2026-04-02T23:41:33","modified_gmt":"2026-04-02T23:41:33","slug":"frf-pregateste-surprize-noul-antrenor-al-nationalei-se-apropie","status":"publish","type":"post","link":"https:\/\/www.newsrecorder.ro\/app\/2026\/04\/02\/frf-pregateste-surprize-noul-antrenor-al-nationalei-se-apropie\/","title":{"rendered":"FRF preg\u0103te\u0219te surprize: Noul antrenor al Na\u021bionalei se apropie!"},"content":{"rendered":"<p>Federa\u021bia Rom\u00e2n\u0103 de Fotbal (FRF) a comunicat recent c\u0103 procesul de selec\u021bie pentru noul antrenor al echipei na\u021bionale va urma pa\u0219ii prev\u0103zu\u021bi de statut. Acesta va \u00eencepe cu consultarea exper\u021bilor din cadrul Comisiei Tehnice \u0219i se va \u00eencheia cu aprobarea \u00een Comitetul Executiv.<\/p>\n<p><strong>Calendarul numirii<\/strong><\/p>\n<p>Mai jos este detaliat calendarul pentru numirea noului selec\u021bioner:<\/p>\n<ul>\n<li><strong>3 aprilie, ora 10:30<\/strong> \u2013 \u0218edin\u021ba Comisiei Tehnice: Comisia, condus\u0103 de Directorul Tehnic al FRF, Mihai Stoichi\u021b\u0103, se va reuni la Casa Fotbalului pentru a evalua situa\u021bia curent\u0103. \u00cen cadrul \u00eent\u00e2lnirii, membrii comisiei vor discuta despre profilul ideal al viitorului antrenor \u0219i vor prezenta o list\u0103 de propuneri conducerii FRF.<\/li>\n<li><strong>S\u0103pt\u0103m\u00e2na urm\u0103toare<\/strong> \u2013 Mandatarea pre\u0219edintelui: Propunerile formulate de Comisia Tehnic\u0103 vor fi supuse votului \u00een Comitetul Executiv al FRF. Membrii acestuia vor decide, prin vot, persoana sau persoanele cu care vor \u00eencepe negocierile, stabilind \u00een acela\u0219i timp \u0219i coordonatele financiare \u0219i condi\u021biile contractuale.<\/li>\n<li><strong>Finalizarea negocierilor<\/strong>: Dup\u0103 ce va primi mandatul, pre\u0219edintele FRF va purta discu\u021bii cu candidatul sau candida\u021bii selecta\u021bi pentru a finaliza negocierile.<\/li>\n<\/ul>\n<p>Anun\u021bul oficial \u0219i prezentarea noului selec\u021bioner al echipei na\u021bionale vor avea loc imediat dup\u0103 semnarea documentelor contractuale, \u00een cadrul unei conferin\u021be de pres\u0103.<\/p>\n<p>Pe de alt\u0103 parte, FRF a f\u0103cut public, joi, faptul c\u0103 mandatul antrenorului Mircea Lucescu \u00een func\u021bia de selec\u021bioner al echipei na\u021bionale a Rom\u00e2niei s-a \u00eencheiat.<\/p>\n","protected":false},"excerpt":{"rendered":"<p>Federa\u021bia Rom\u00e2n\u0103 de Fotbal (FRF) a comunicat recent c\u0103 procesul de selec\u021bie pentru noul antrenor al echipei na\u021bionale va urma pa\u0219ii prev\u0103zu\u021bi de statut. Acesta va \u00eencepe cu consultarea exper\u021bilor din cadrul Comisiei Tehnice \u0219i se va \u00eencheia cu aprobarea \u00een Comitetul Executiv. Calendarul numirii Mai jos este detaliat calendarul pentru numirea noului selec\u021bioner: 3 [&hellip;]<\/p>\n","protected":false},"author":6,"featured_media":11723,"comment_status":"open","ping_status":"open","sticky":false,"template":"","format":"standard","meta":{"jnews-multi-image_gallery":[],"jnews_single_post":[],"jnews_primary_category":[],"jnews_override_counter":[],"footnotes":""},"categories":[46],"tags":[838,8183,14625,113,2529,5544,485,6061],"class_list":["post-11722","post","type-post","status-publish","format-standard","has-post-thumbnail","hentry","category-sport","tag-antrenor","tag-calendar","tag-comisie-tehnica","tag-echipa-nationala","tag-frf","tag-mihai-stoichita","tag-negociere","tag-selectie"],"_links":{"self":[{"href":"https:\/\/www.newsrecorder.ro\/app\/wp-json\/wp\/v2\/posts\/11722","targetHints":{"allow":["GET"]}}],"collection":[{"href":"https:\/\/www.newsrecorder.ro\/app\/wp-json\/wp\/v2\/posts"}],"about":[{"href":"https:\/\/www.newsrecorder.ro\/app\/wp-json\/wp\/v2\/types\/post"}],"author":[{"embeddable":true,"href":"https:\/\/www.newsrecorder.ro\/app\/wp-json\/wp\/v2\/users\/6"}],"replies":[{"embeddable":true,"href":"https:\/\/www.newsrecorder.ro\/app\/wp-json\/wp\/v2\/comments?post=11722"}],"version-history":[{"count":0,"href":"https:\/\/www.newsrecorder.ro\/app\/wp-json\/wp\/v2\/posts\/11722\/revisions"}],"wp:featuredmedia":[{"embeddable":true,"href":"https:\/\/www.newsrecorder.ro\/app\/wp-json\/wp\/v2\/media\/11723"}],"wp:attachment":[{"href":"https:\/\/www.newsrecorder.ro\/app\/wp-json\/wp\/v2\/media?parent=11722"}],"wp:term":[{"taxonomy":"category","embeddable":true,"href":"https:\/\/www.newsrecorder.ro\/app\/wp-json\/wp\/v2\/categories?post=11722"},{"taxonomy":"post_tag","embeddable":true,"href":"https:\/\/www.newsrecorder.ro\/app\/wp-json\/wp\/v2\/tags?post=11722"}],"curies":[{"name":"wp","href":"https:\/\/api.w.org\/{rel}","templated":true}]}}