{"id":11734,"date":"2026-04-02T23:44:57","date_gmt":"2026-04-02T23:44:57","guid":{"rendered":"https:\/\/www.newsrecorder.ro\/app\/2026\/04\/02\/ue-va-supraveghea-centrele-de-date-pentru-a-preveni-explozia-consumului-de-energie\/"},"modified":"2026-04-02T23:44:57","modified_gmt":"2026-04-02T23:44:57","slug":"ue-va-supraveghea-centrele-de-date-pentru-a-preveni-explozia-consumului-de-energie","status":"publish","type":"post","link":"https:\/\/www.newsrecorder.ro\/app\/2026\/04\/02\/ue-va-supraveghea-centrele-de-date-pentru-a-preveni-explozia-consumului-de-energie\/","title":{"rendered":"UE va supraveghea centrele de date pentru a preveni explozia consumului de energie!"},"content":{"rendered":"<p>Comisia European\u0103 lucreaz\u0103 la un sistem comun de clasificare pentru centrele de date, destinat s\u0103 \u00eembun\u0103t\u0103\u021beasc\u0103 transparen\u021ba \u00een ceea ce prive\u0219te consumul de energie \u0219i impactul asupra mediului. Acest regulament este a\u0219teptat s\u0103 fie aprobat \u00een al doilea trimestru al anului, ca parte a unui pachet european dedicat eficien\u021bei energetice pentru aceste infrastructuri, conform informa\u021biilor publicate de <a href=\"https:\/\/www.eleconomista.es\/energia\/noticias\/13852097\/04\/26\/la-ue-impone-un-examen-de-sostenibilidad-a-los-centros-de-datos-para-atajar-el-derroche-energetico-de-la-ia.html\" target=\"_blank\" rel=\"noopener\">El Economista<\/a>.<\/p>\n<p>Aceast\u0103 ini\u021biativ\u0103 vine ca r\u0103spuns la cre\u0219terea rapid\u0103 a activit\u0103\u021bilor digitale, inclusiv cloud computing, streaming \u0219i inteligen\u021b\u0103 artificial\u0103, care exercit\u0103 o presiune considerabil\u0103 asupra cererii de electricitate, re\u021belelor, emisiilor \u0219i resurselor esen\u021biale, cum ar fi apa. Bruxelles-ul subliniaz\u0103 c\u0103 sporirea eficien\u021bei centrelor de date este esen\u021bial\u0103 pentru competitivitatea industrial\u0103, securitatea energetic\u0103 \u0219i sustenabilitatea.<\/p>\n<p>Noul regulament reprezint\u0103 a doua etap\u0103 important\u0103 a unui cadru de reglementare \u00eenceput de Uniunea European\u0103 \u00een martie 2024, odat\u0103 cu adoptarea Regulamentului delegat (UE) 2024\/1364. Acesta a instituit o baz\u0103 de date european\u0103 pentru centrele de date, precum \u0219i un sistem armonizat pentru raportarea informa\u021biilor tehnice \u0219i a indicatorilor cheie de performan\u021b\u0103. Aceast\u0103 ini\u021biativ\u0103 ini\u021bial\u0103 permite standardizarea colect\u0103rii datelor la nivel european, iar acum Comisia dore\u0219te s\u0103 foloseasc\u0103 aceste informa\u021bii pentru a dezvolta o clasificare clar\u0103.<\/p>\n<p>Conform propunerii, ratingul va fi afi\u0219at prin etichete electronice generate automat de baza de date european\u0103. Func\u021bionarii europeni sus\u021bin c\u0103 acest sistem va facilita compara\u021bii \u00eentre centrele de date din aceea\u0219i regiune, va \u00eencuraja dezvoltarea de proiecte noi \u0219i eficiente \u0219i va promova \u00eembun\u0103t\u0103\u021biri opera\u021bionale care s\u0103 reduc\u0103 consumul de energie \u0219i ap\u0103. De asemenea, ini\u021biativa are scopul de a stimula integrarea surselor de energie regenerabil\u0103 \u0219i utilizarea c\u0103ldurii reziduale, precum \u0219i de a crea o rela\u021bie mai flexibil\u0103 \u00eentre aceste centre \u0219i re\u021belele energetice.<\/p>\n<p>Primele etichete vor fi emise \u00eencep\u00e2nd cu 15 august 2027.<\/p>\n<p>Noul sistem va fi bazat pe o scal\u0103 de evaluare de la A la G, av\u00e2nd la baz\u0103 doi indicatori principali: eficien\u021ba energetic\u0103 \u0219i consumul de ap\u0103. Ratingul energetic se va fundamenta pe indicatorul PUE (Eficien\u021ba Consumului de Energie). Astfel, centrele de date cu un PUE de 1,15 sau mai mic vor primi cel mai \u00eenalt calificativ, A, \u00een timp ce cele cu un PUE care dep\u0103\u0219e\u0219te 1,9 vor ob\u021bine calificativul G. De asemenea, eficien\u021ba consumului de ap\u0103 va fi evaluat\u0103 prin indicatorul WUE, unde o clasificare A va corespunde instala\u021biilor cu un nivel de 0,1 sau mai mic, iar G celor care dep\u0103\u0219esc 1,0.<\/p>\n<p>Eticheta nu va fi doar o simpl\u0103 not\u0103. Designul propus va include informa\u021bii suplimentare, precum numele centrului de date, operatorul, loca\u021bia, dimensiunea, data punerii \u00een func\u021biune \u0219i un cod QR. Vor fi incluse \u0219i date despre propor\u021bia de energie regenerabil\u0103 utilizat\u0103, capacitatea centrului de a sprijini re\u021beaua electric\u0103, poten\u021bialul de reutilizare a c\u0103ldurii reziduale \u0219i condi\u021biile climatice ale amplasamentului, cum ar fi num\u0103rul de zile de r\u0103cire. Bruxelles-ul urm\u0103re\u0219te astfel crearea unei etichete vizuale standardizate la nivelul Uniunii Europene, care s\u0103 permit\u0103 o compara\u021bie rapid\u0103 a performan\u021bei de mediu.<\/p>\n<p>Regulamentul preconizeaz\u0103 c\u0103 primele etichete vor fi emise \u00eencep\u00e2nd cu 15 august 2027, cu actualiz\u0103ri anuale ulterioare. Fiecare etichet\u0103 va avea o valabilitate standard de 12 luni, de\u0219i sistemul va permite o anumit\u0103 flexibilitate \u00een cazul \u00een care statele membre nu finalizeaz\u0103 la timp validarea informa\u021biilor furnizate de operatori.<\/p>\n<p>Documenta\u021bia european\u0103 referitoare la performan\u021ba energetic\u0103 a centrelor de date sugereaz\u0103 c\u0103 viitorul pachet de eficien\u021b\u0103 va include \u0219i evaluarea datelor deja raportate de sector, precum \u0219i ini\u021bierea lucr\u0103rilor pentru stabilirea unor standarde minime de performan\u021b\u0103 la nivelul Uniunii. Acest plan se va intersecta cu legisla\u021bia viitoare privind cloud computing-ul \u0219i inteligen\u021ba artificial\u0103, dar \u0219i cu strategia european\u0103 pentru digitalizarea energiei.<\/p>\n<p>\u00cen prezent, centrele de date reprezint\u0103 aproximativ 1,5% din consumul anual global de energie electric\u0103, echivalentul a circa 415 TWh. Comisia European\u0103 avertizeaz\u0103 c\u0103 acest consum ar putea s\u0103 se dubleze, ajung\u00e2nd la 945 TWh, p\u00e2n\u0103 \u00een 2030, din cauza dezvolt\u0103rii accelerate a inteligen\u021bei artificiale.<\/p>\n<p>Prin aceast\u0103 m\u0103sur\u0103, Uniunea European\u0103 \u00ee\u0219i propune s\u0103 previn\u0103 o expansiune dezordonat\u0103 \u0219i ineficient\u0103 a investi\u021biilor digitale \u0219i a puterii de calcul. \u00cen plus, unele state membre, cum ar fi Spania, au \u00eenceput deja s\u0103 implementeze m\u0103suri na\u021bionale, Ministerul Tranzi\u021biei Ecologice adopt\u00e2nd noi reglement\u0103ri privind transparen\u021ba, eficien\u021ba \u0219i sustenabilitatea acestor instala\u021bii. Aceasta contureaz\u0103 unul dintre cele mai avansate cadre din Uniunea European\u0103 \u00een acest domeniu.<\/p>\n","protected":false},"excerpt":{"rendered":"<p>Comisia European\u0103 lucreaz\u0103 la un sistem comun de clasificare pentru centrele de date, destinat s\u0103 \u00eembun\u0103t\u0103\u021beasc\u0103 transparen\u021ba \u00een ceea ce prive\u0219te consumul de energie \u0219i impactul asupra mediului. Acest regulament este a\u0219teptat s\u0103 fie aprobat \u00een al doilea trimestru al anului, ca parte a unui pachet european dedicat eficien\u021bei energetice pentru aceste infrastructuri, conform informa\u021biilor [&hellip;]<\/p>\n","protected":false},"author":2,"featured_media":11735,"comment_status":"open","ping_status":"open","sticky":false,"template":"","format":"standard","meta":{"jnews-multi-image_gallery":[],"jnews_single_post":[],"jnews_primary_category":[],"jnews_override_counter":[],"footnotes":""},"categories":[39],"tags":[4357,428,499,14241,7665,8380,2046,2890],"class_list":["post-11734","post","type-post","status-publish","format-standard","has-post-thumbnail","hentry","category-stirile-zilei","tag-centre-de-date","tag-cloud-computing","tag-comisia-europeana","tag-consum-de-energie","tag-eficienta-energetica","tag-impact-asupra-mediului","tag-reglementare","tag-sustenabilitate"],"_links":{"self":[{"href":"https:\/\/www.newsrecorder.ro\/app\/wp-json\/wp\/v2\/posts\/11734","targetHints":{"allow":["GET"]}}],"collection":[{"href":"https:\/\/www.newsrecorder.ro\/app\/wp-json\/wp\/v2\/posts"}],"about":[{"href":"https:\/\/www.newsrecorder.ro\/app\/wp-json\/wp\/v2\/types\/post"}],"author":[{"embeddable":true,"href":"https:\/\/www.newsrecorder.ro\/app\/wp-json\/wp\/v2\/users\/2"}],"replies":[{"embeddable":true,"href":"https:\/\/www.newsrecorder.ro\/app\/wp-json\/wp\/v2\/comments?post=11734"}],"version-history":[{"count":0,"href":"https:\/\/www.newsrecorder.ro\/app\/wp-json\/wp\/v2\/posts\/11734\/revisions"}],"wp:featuredmedia":[{"embeddable":true,"href":"https:\/\/www.newsrecorder.ro\/app\/wp-json\/wp\/v2\/media\/11735"}],"wp:attachment":[{"href":"https:\/\/www.newsrecorder.ro\/app\/wp-json\/wp\/v2\/media?parent=11734"}],"wp:term":[{"taxonomy":"category","embeddable":true,"href":"https:\/\/www.newsrecorder.ro\/app\/wp-json\/wp\/v2\/categories?post=11734"},{"taxonomy":"post_tag","embeddable":true,"href":"https:\/\/www.newsrecorder.ro\/app\/wp-json\/wp\/v2\/tags?post=11734"}],"curies":[{"name":"wp","href":"https:\/\/api.w.org\/{rel}","templated":true}]}}