{"id":11744,"date":"2026-04-03T00:14:28","date_gmt":"2026-04-03T00:14:28","guid":{"rendered":"https:\/\/www.newsrecorder.ro\/app\/2026\/04\/03\/ciclism-in-protest-cubanezii-cer-sfarsitul-embargoului-american\/"},"modified":"2026-04-03T00:14:28","modified_gmt":"2026-04-03T00:14:28","slug":"ciclism-in-protest-cubanezii-cer-sfarsitul-embargoului-american","status":"publish","type":"post","link":"https:\/\/www.newsrecorder.ro\/app\/2026\/04\/03\/ciclism-in-protest-cubanezii-cer-sfarsitul-embargoului-american\/","title":{"rendered":"Ciclism \u00een protest: Cubanezii cer sf\u00e2r\u0219itul embargoului american!"},"content":{"rendered":"<p>Joi, manifestan\u021bii au luat parte la un mar\u0219 organizat \u00een capitala Cubei, utiliz\u00e2nd biciclete \u0219i vehicule electrice, \u00eenso\u021bi\u021bi de steaguri \u0219i pancarte care exprimau opozi\u021bia fa\u021b\u0103 de embargoul impus de Statele Unite, conform unei informa\u021bii furnizate de <a style=\"color: #0000ff\" href=\"https:\/\/www.france24.com\/en\/live-news\/20260402-cubans-demand-end-of-us-embargo-in-bike-protest\">AFP<\/a>.<\/p>\n<p>Pre\u0219edintele Cubei, Miguel D\u00edaz-Canel, a salutat protestatarii \u00eenainte de a \u00eencepe manifesta\u021bia, pe care a denumit-o \u201eparada tineretului antiimperialist\u201d. Aceast\u0103 activitate a fost marcat\u0103 de utilizarea bicicletelor \u0219i tricicletelor electrice, op\u021biuni de transport alternative care au c\u00e2\u0219tigat popularitate \u00een contextul crizei de combustibil cu care se confrunt\u0103 \u021bara.<\/p>\n<p>Protestul a avut loc pe fondul cre\u0219terii presiunilor exercitate de administra\u021bia pre\u0219edintelui american Donald Trump, care, \u00eencep\u00e2nd din luna ianuarie, a impus restric\u021bii severe asupra livr\u0103rilor de petrol c\u0103tre Cuba, \u00een urma captur\u0103rii pre\u0219edintelui venezuelean, Nicolas Maduro. Trump a sugerat chiar posibilitatea prelu\u0103rii controlului asupra insulei.<\/p>\n<p>Criza energetic\u0103 din Cuba s-a ad\u00e2ncit din cauza restric\u021biilor privind importurile de petrol, l\u0103s\u00e2nd cubanezii s\u0103 se confrunte frecvent cu pene de curent, ra\u021bionalizarea combustibilului, cre\u0219terea pre\u021burilor \u0219i o sc\u0103dere semnificativ\u0103 a turismului.<\/p>\n<p>\u00cen aceast\u0103 s\u0103pt\u0103m\u00e2n\u0103, administra\u021bia Trump a autorizat, temporar, livrarea a 730.000 de barili de <a href=\"https:\/\/www.mediafax.ro\/externe\/un-petrolier-sub-pavilion-rus-a-intrat-in-zona-de-ancoraj-a-portului-matanzas-din-cuba-23712815\">petrol<\/a> c\u0103tre Cuba, prin intermediul unui petrolier rusesc. De asemenea, Rusia a anun\u021bat c\u0103 se preg\u0103te\u0219te s\u0103 trimite un al <a style=\"color: #0000ff\" href=\"https:\/\/www.mediafax.ro\/externe\/rusia-se-pregateste-sa-trimita-un-al-doilea-petrolier-in-cuba-23714109\">doilea<\/a> transport de petrol c\u0103tre insul\u0103.<\/p>\n","protected":false},"excerpt":{"rendered":"<p>Joi, manifestan\u021bii au luat parte la un mar\u0219 organizat \u00een capitala Cubei, utiliz\u00e2nd biciclete \u0219i vehicule electrice, \u00eenso\u021bi\u021bi de steaguri \u0219i pancarte care exprimau opozi\u021bia fa\u021b\u0103 de embargoul impus de Statele Unite, conform unei informa\u021bii furnizate de AFP. Pre\u0219edintele Cubei, Miguel D\u00edaz-Canel, a salutat protestatarii \u00eenainte de a \u00eencepe manifesta\u021bia, pe care a denumit-o \u201eparada [&hellip;]<\/p>\n","protected":false},"author":2,"featured_media":11745,"comment_status":"open","ping_status":"open","sticky":false,"template":"","format":"standard","meta":{"jnews-multi-image_gallery":[],"jnews_single_post":[],"jnews_primary_category":[],"jnews_override_counter":[],"footnotes":""},"categories":[39],"tags":[14653,14652,4183,1734,6744,14651,1737,270],"class_list":["post-11744","post","type-post","status-publish","format-standard","has-post-thumbnail","hentry","category-stirile-zilei","tag-antiimperialist","tag-biciclete","tag-combustibil","tag-cuba","tag-embargou","tag-mars","tag-miguel-diaz-canel","tag-protest"],"_links":{"self":[{"href":"https:\/\/www.newsrecorder.ro\/app\/wp-json\/wp\/v2\/posts\/11744","targetHints":{"allow":["GET"]}}],"collection":[{"href":"https:\/\/www.newsrecorder.ro\/app\/wp-json\/wp\/v2\/posts"}],"about":[{"href":"https:\/\/www.newsrecorder.ro\/app\/wp-json\/wp\/v2\/types\/post"}],"author":[{"embeddable":true,"href":"https:\/\/www.newsrecorder.ro\/app\/wp-json\/wp\/v2\/users\/2"}],"replies":[{"embeddable":true,"href":"https:\/\/www.newsrecorder.ro\/app\/wp-json\/wp\/v2\/comments?post=11744"}],"version-history":[{"count":0,"href":"https:\/\/www.newsrecorder.ro\/app\/wp-json\/wp\/v2\/posts\/11744\/revisions"}],"wp:featuredmedia":[{"embeddable":true,"href":"https:\/\/www.newsrecorder.ro\/app\/wp-json\/wp\/v2\/media\/11745"}],"wp:attachment":[{"href":"https:\/\/www.newsrecorder.ro\/app\/wp-json\/wp\/v2\/media?parent=11744"}],"wp:term":[{"taxonomy":"category","embeddable":true,"href":"https:\/\/www.newsrecorder.ro\/app\/wp-json\/wp\/v2\/categories?post=11744"},{"taxonomy":"post_tag","embeddable":true,"href":"https:\/\/www.newsrecorder.ro\/app\/wp-json\/wp\/v2\/tags?post=11744"}],"curies":[{"name":"wp","href":"https:\/\/api.w.org\/{rel}","templated":true}]}}