{"id":11746,"date":"2026-04-03T00:14:42","date_gmt":"2026-04-03T00:14:42","guid":{"rendered":"https:\/\/www.newsrecorder.ro\/app\/2026\/04\/03\/papa-leon-spala-picioarele-preotilor-si-indeamna-la-ajutorul-celor-oprimati\/"},"modified":"2026-04-03T00:14:42","modified_gmt":"2026-04-03T00:14:42","slug":"papa-leon-spala-picioarele-preotilor-si-indeamna-la-ajutorul-celor-oprimati","status":"publish","type":"post","link":"https:\/\/www.newsrecorder.ro\/app\/2026\/04\/03\/papa-leon-spala-picioarele-preotilor-si-indeamna-la-ajutorul-celor-oprimati\/","title":{"rendered":"Papa Leon sp\u0103l\u0103 picioarele preo\u021bilor \u0219i \u00eendeamn\u0103 la ajutorul celor oprima\u021bi"},"content":{"rendered":"<p><strong>\u201e\u00cen timp ce omenirea este adus\u0103 \u00een genunchi de at\u00e2t de multe acte de brutalitate, s\u0103 \u00eengenunchem \u0219i noi, ca fra\u021bi \u0219i surori, al\u0103turi de cei oprima\u021bi\u201d<\/strong>, a declarat papa Leon, care s-a afirmat recent ca un critic vocal al r\u0103zboiului din Iran, conform unei reportaj realizat de <a href=\"https:\/\/www.reuters.com\/world\/washing-priests-feet-pope-leo-urges-catholics-aid-oppressed-2026-04-02\/\" target=\"_blank\" rel=\"noopener\">Reuters<\/a>.<\/p>\n<p>Papa a subliniat c\u0103 \u201eDumnezeu ne-a oferit un exemplu, nu despre cum s\u0103 domin\u0103m, ci despre cum s\u0103 eliber\u0103m\u201d. Aceast\u0103 afirma\u021bie a fost urmat\u0103 de un gest simbolic profund: a turnat ap\u0103 pe picioarele celor 12 preo\u021bi, le-a \u0219ters \u0219i le-a s\u0103rutat, imit\u00e2nd astfel actul lui Iisus \u00eendreptat c\u0103tre apostoli \u00een noaptea dinaintea r\u0103stignirii.<\/p>\n<p>Ritualul a avut loc la Bazilica Sf\u00e2ntul Ioan din Lateran, catedrala suveranului pontif din Roma, marc\u00e2nd o schimbare semnificativ\u0103 fa\u021b\u0103 de anii anteriori.<\/p>\n<p>Papa Francisc, cunoscut pentru obiceiul s\u0103u de a desf\u0103\u0219ura aceast\u0103 slujb\u0103 \u00een locuri mai pu\u021bin conven\u021bionale, precum \u00eenchisori, azile sau centre pentru bolnavi, continu\u00e2nd o tradi\u021bie \u00eenceput\u0103 \u00een perioada c\u00e2nd era episcop \u00een Argentina, a optat anul acesta pentru o abordare diferit\u0103.<\/p>\n<p>\u00centr-un moment emo\u021bionant, anul trecut, de Pa\u0219te, \u00een timp ce se recupera dup\u0103 o dubl\u0103 pneumonie, papa Francisc a f\u0103cut o vizit\u0103 surpriz\u0103 la \u00eenchisoarea Regina Coeli din Roma, oferind ur\u0103ri de bine de\u021binu\u021bilor cu c\u00e2teva zile \u00eenainte de a deceda.<\/p>\n<p>Oficialii Vaticanului au men\u021bionat c\u0103 papa Leon a decis \u00een acest an s\u0103 spele picioarele preo\u021bilor pentru a-\u0219i exprima sprijinul fa\u021b\u0103 de clerul catolic, accentu\u00e2nd astfel unitatea \u0219i solidaritatea \u00een fa\u021ba provoc\u0103rilor actuale.<\/p>\n","protected":false},"excerpt":{"rendered":"<p>\u201e\u00cen timp ce omenirea este adus\u0103 \u00een genunchi de at\u00e2t de multe acte de brutalitate, s\u0103 \u00eengenunchem \u0219i noi, ca fra\u021bi \u0219i surori, al\u0103turi de cei oprima\u021bi\u201d, a declarat papa Leon, care s-a afirmat recent ca un critic vocal al r\u0103zboiului din Iran, conform unei reportaj realizat de Reuters. Papa a subliniat c\u0103 \u201eDumnezeu ne-a [&hellip;]<\/p>\n","protected":false},"author":2,"featured_media":11747,"comment_status":"open","ping_status":"open","sticky":false,"template":"","format":"standard","meta":{"jnews-multi-image_gallery":[],"jnews_single_post":[],"jnews_primary_category":[],"jnews_override_counter":[],"footnotes":""},"categories":[39],"tags":[14657,5139,14656,691,14658,14654,9356,14655],"class_list":["post-11746","post","type-post","status-publish","format-standard","has-post-thumbnail","hentry","category-stirile-zilei","tag-acte-simbolice","tag-brutalitate","tag-catedrala-sfantul-ioan","tag-eliberare","tag-oprimati","tag-papa-francisc","tag-razboi-iran","tag-ritual"],"_links":{"self":[{"href":"https:\/\/www.newsrecorder.ro\/app\/wp-json\/wp\/v2\/posts\/11746","targetHints":{"allow":["GET"]}}],"collection":[{"href":"https:\/\/www.newsrecorder.ro\/app\/wp-json\/wp\/v2\/posts"}],"about":[{"href":"https:\/\/www.newsrecorder.ro\/app\/wp-json\/wp\/v2\/types\/post"}],"author":[{"embeddable":true,"href":"https:\/\/www.newsrecorder.ro\/app\/wp-json\/wp\/v2\/users\/2"}],"replies":[{"embeddable":true,"href":"https:\/\/www.newsrecorder.ro\/app\/wp-json\/wp\/v2\/comments?post=11746"}],"version-history":[{"count":0,"href":"https:\/\/www.newsrecorder.ro\/app\/wp-json\/wp\/v2\/posts\/11746\/revisions"}],"wp:featuredmedia":[{"embeddable":true,"href":"https:\/\/www.newsrecorder.ro\/app\/wp-json\/wp\/v2\/media\/11747"}],"wp:attachment":[{"href":"https:\/\/www.newsrecorder.ro\/app\/wp-json\/wp\/v2\/media?parent=11746"}],"wp:term":[{"taxonomy":"category","embeddable":true,"href":"https:\/\/www.newsrecorder.ro\/app\/wp-json\/wp\/v2\/categories?post=11746"},{"taxonomy":"post_tag","embeddable":true,"href":"https:\/\/www.newsrecorder.ro\/app\/wp-json\/wp\/v2\/tags?post=11746"}],"curies":[{"name":"wp","href":"https:\/\/api.w.org\/{rel}","templated":true}]}}