{"id":1177,"date":"2026-02-01T19:15:45","date_gmt":"2026-02-01T19:15:45","guid":{"rendered":"https:\/\/www.newsrecorder.ro\/app\/2026\/02\/01\/carlos-alcaraz-cel-mai-tanar-campion-grand-slam-straluceste-la-australian-open\/"},"modified":"2026-02-01T19:15:45","modified_gmt":"2026-02-01T19:15:45","slug":"carlos-alcaraz-cel-mai-tanar-campion-grand-slam-straluceste-la-australian-open","status":"publish","type":"post","link":"https:\/\/www.newsrecorder.ro\/app\/2026\/02\/01\/carlos-alcaraz-cel-mai-tanar-campion-grand-slam-straluceste-la-australian-open\/","title":{"rendered":"Carlos Alcaraz, cel mai t\u00e2n\u0103r campion Grand Slam, str\u0103luce\u0219te la Australian Open!"},"content":{"rendered":"<p>\u201eNimeni nu \u00ee\u0219i poate imagina c\u00e2t de mult am muncit pentru a ob\u021bine acest trofeu. Am a\u0219teptat cu ner\u0103bdare acest moment\u201d, a declarat Carlos Alcaraz \u00een cadrul ceremoniei de premiere, conform atptour.com.<\/p>\n<p>Novak Djokovic, veteranul spaniol, i-a adresat cuvinte de apreciere, descriind realiz\u0103rile lui Alcaraz ca fiind \u201eistorice\u201d \u0219i \u201elegendare\u201d. \u201eCeea ce ai realizat merit\u0103 cu siguran\u021b\u0103 s\u0103 fie numit astfel. Felicit\u0103ri \u0219i \u00ee\u021bi doresc mult succes \u00een continuare. E\u0219ti at\u00e2t de t\u00e2n\u0103r \u0219i ai tot timpul din lume, la fel ca mine. Sunt convins c\u0103 ne vom \u00eent\u00e2lni de multe ori \u00een urm\u0103torii zece ani\u201d, a ad\u0103ugat Djokovic cu un z\u00e2mbet.<\/p>\n<p>La r\u00e2ndul s\u0103u, Alcaraz a recunoscut impactul pe care \u00eel are Djokovic nu doar \u00een tenis, ci \u00een \u00eentreaga lume a sportului. \u201ePentru mine este o onoare s\u0103 \u00eemp\u0103rt\u0103\u0219esc vestiarul \u0219i terenul cu tine \u0219i s\u0103 te v\u0103d juc\u00e2nd. \u00ce\u021bi mul\u021bumesc foarte mult pentru tot ceea ce faci\u201d, a spus el, eviden\u021biind respectul profund pe care \u00eel are pentru marele campion s\u00e2rbu.<\/p>\n<p>\u00cen ceea ce prive\u0219te meciul, Alcaraz, num\u0103rul unu mondial \u00een clasamentul ATP, a reu\u0219it o revenire impresionant\u0103 dup\u0103 ce a cedat primul set cu 6-2. Spaniolul a dominat \u00een urm\u0103toarele trei seturi, adjudec\u00e2ndu-le cu 6-2, 6-3, 7-5.<\/p>\n<p>La doar 22 de ani, Alcaraz a devenit cel mai t\u00e2n\u0103r juc\u0103tor din istorie care a c\u00e2\u0219tigat toate cele patru turnee de Grand Slam, marc\u00e2nd astfel o etap\u0103 important\u0103 \u00een cariera sa. De cealalt\u0103 parte, Djokovic, \u00een v\u00e2rst\u0103 de 38 de ani, care de\u021bine zece trofee la Australian Open, a fost foarte aproape de a deveni cel mai \u00een v\u00e2rst\u0103 campion din istoria acestui turneu prestigios.<\/p>\n","protected":false},"excerpt":{"rendered":"<p>\u201eNimeni nu \u00ee\u0219i poate imagina c\u00e2t de mult am muncit pentru a ob\u021bine acest trofeu. Am a\u0219teptat cu ner\u0103bdare acest moment\u201d, a declarat Carlos Alcaraz \u00een cadrul ceremoniei de premiere, conform atptour.com. Novak Djokovic, veteranul spaniol, i-a adresat cuvinte de apreciere, descriind realiz\u0103rile lui Alcaraz ca fiind \u201eistorice\u201d \u0219i \u201elegendare\u201d. \u201eCeea ce ai realizat merit\u0103 [&hellip;]<\/p>\n","protected":false},"author":6,"featured_media":1178,"comment_status":"open","ping_status":"open","sticky":false,"template":"","format":"standard","meta":{"jnews-multi-image_gallery":[],"jnews_single_post":[],"jnews_primary_category":[],"jnews_override_counter":[],"footnotes":""},"categories":[46],"tags":[327,65,2120,2119,1048,850,69,2118],"class_list":["post-1177","post","type-post","status-publish","format-standard","has-post-thumbnail","hentry","category-sport","tag-carlos-alcaraz","tag-novak-djokovic","tag-premiere","tag-realizari","tag-respect","tag-sport","tag-tenis","tag-trofeu"],"_links":{"self":[{"href":"https:\/\/www.newsrecorder.ro\/app\/wp-json\/wp\/v2\/posts\/1177","targetHints":{"allow":["GET"]}}],"collection":[{"href":"https:\/\/www.newsrecorder.ro\/app\/wp-json\/wp\/v2\/posts"}],"about":[{"href":"https:\/\/www.newsrecorder.ro\/app\/wp-json\/wp\/v2\/types\/post"}],"author":[{"embeddable":true,"href":"https:\/\/www.newsrecorder.ro\/app\/wp-json\/wp\/v2\/users\/6"}],"replies":[{"embeddable":true,"href":"https:\/\/www.newsrecorder.ro\/app\/wp-json\/wp\/v2\/comments?post=1177"}],"version-history":[{"count":0,"href":"https:\/\/www.newsrecorder.ro\/app\/wp-json\/wp\/v2\/posts\/1177\/revisions"}],"wp:featuredmedia":[{"embeddable":true,"href":"https:\/\/www.newsrecorder.ro\/app\/wp-json\/wp\/v2\/media\/1178"}],"wp:attachment":[{"href":"https:\/\/www.newsrecorder.ro\/app\/wp-json\/wp\/v2\/media?parent=1177"}],"wp:term":[{"taxonomy":"category","embeddable":true,"href":"https:\/\/www.newsrecorder.ro\/app\/wp-json\/wp\/v2\/categories?post=1177"},{"taxonomy":"post_tag","embeddable":true,"href":"https:\/\/www.newsrecorder.ro\/app\/wp-json\/wp\/v2\/tags?post=1177"}],"curies":[{"name":"wp","href":"https:\/\/api.w.org\/{rel}","templated":true}]}}