{"id":11778,"date":"2026-04-03T09:41:16","date_gmt":"2026-04-03T09:41:16","guid":{"rendered":"https:\/\/www.newsrecorder.ro\/app\/2026\/04\/03\/italia-propune-interzicerea-retelelor-sociale-pentru-copiii-sub-14-ani\/"},"modified":"2026-04-03T09:41:16","modified_gmt":"2026-04-03T09:41:16","slug":"italia-propune-interzicerea-retelelor-sociale-pentru-copiii-sub-14-ani","status":"publish","type":"post","link":"https:\/\/www.newsrecorder.ro\/app\/2026\/04\/03\/italia-propune-interzicerea-retelelor-sociale-pentru-copiii-sub-14-ani\/","title":{"rendered":"Italia propune interzicerea re\u021belelor sociale pentru copiii sub 14 ani!"},"content":{"rendered":"<p>Recent, a fost depus\u0103 o propunere de lege \u00een Consiliul Regional Veneto, care ar putea ajunge \u00een Parlamentul italian dac\u0103 va primi aprobarea la nivel regional. \u00cen Italia, regiunile au capacitatea de a ini\u021bia proiecte legislative cu aplicare na\u021bional\u0103, conform informa\u021biilor furnizate de <a href=\"https:\/\/www.ilpost.it\/2026\/04\/02\/veneto-proposta-di-legge-divieto-social-14-anni\/\" target=\"_blank\" rel=\"noopener\">Il Post<\/a>. Proiectele trebuie, ulterior, s\u0103 fie dezb\u0103tute \u0219i votate de Camera Deputa\u021bilor \u0219i Senat. Alberto Stefani, politician din cadrul partidului Lega \u0219i noul lider al regiunii Veneto, a exprimat speran\u021ba c\u0103 ini\u021biativa va fi aprobat\u0103 \u00een cadrul consiliului regional \u00een urm\u0103toarele dou\u0103 sau trei luni. Av\u00e2nd \u00een vedere c\u0103 majoritatea de centru-dreapta controleaz\u0103 34 din cele 51 de locuri din legislativul regional, \u0219ansele de adoptare a propunerii sunt \u00eencurajatoare.<\/p>\n<p>Una dintre principalele m\u0103suri propuse este interdic\u021bia total\u0103 pentru utilizarea re\u021belelor sociale de c\u0103tre persoanele sub 14 ani. Stefani a subliniat c\u0103, pe l\u00e2ng\u0103 aceast\u0103 interdic\u021bie, se vor finan\u021ba programe educa\u021bionale menite s\u0103 promoveze utilizarea responsabil\u0103 a internetului, cu un accent special pe p\u0103rin\u021bi. De asemenea, legea ar putea impune sanc\u021biuni platformelor digitale care nu respect\u0103 regulile stabilite. \u00centr-o propunere anterioar\u0103, Stefani a sugerat c\u0103 firmele ar trebui s\u0103 implementeze sisteme eficiente de verificare a v\u00e2rstei utilizatorilor, inclusiv prin autentificarea cu cartea de identitate electronic\u0103. Aceasta ar permite, de asemenea, ca minorii cu v\u00e2rste cuprinse \u00eentre 14 \u0219i 16 ani s\u0103 utilizeze re\u021belele sociale doar cu acordul p\u0103rin\u021bilor.<\/p>\n<p>\u00cen versiunea anterioar\u0103 a ini\u021biativei, responsabilitatea pentru stabilirea procedurilor tehnice de verificare a v\u00e2rstei ar reveni Autorit\u0103\u021bii pentru Garan\u021bii \u00een Comunica\u021bii (AGCOM), care ar fi responsabil\u0103 \u0219i pentru monitorizarea respect\u0103rii legisla\u021biei de c\u0103tre platformele digitale. Stefani a declarat c\u0103 inspira\u021bia pentru o astfel de lege a venit dup\u0103 ce a observat, \u00eentr-un parc din regiunea sa, copii care st\u0103teau t\u0103cu\u021bi pe telefoane, \u00een loc s\u0103 se joace sau s\u0103 interac\u021bioneze \u00eentre ei.<\/p>\n<p>La nivel interna\u021bional, propuneri similare sunt dezb\u0103tute \u00een mai multe \u021b\u0103ri. Australia a fost prima na\u021biune care a introdus o astfel de interdic\u021bie la sf\u00e2r\u0219itul anului trecut, urmat\u0103 de Indonesia, care a adoptat o m\u0103sur\u0103 similar\u0103. \u00cen Europa, \u021b\u0103ri precum Danemarca, Fran\u021ba, Austria \u0219i Spania analizeaz\u0103 proiecte de lege destinate limit\u0103rii accesului minorilor la re\u021bele sociale, \u00een timp ce \u00een Asia, Malaysia este \u00een discu\u021bii pe aceast\u0103 tem\u0103. Sus\u021bin\u0103torii acestor restric\u021bii aduc \u00een discu\u021bie efectele negative ale dependen\u021bei digitale, sc\u0103derea capacit\u0103\u021bii de concentrare \u0219i impactul negativ asupra s\u0103n\u0103t\u0103\u021bii mintale a adolescen\u021bilor.<\/p>\n<p>\u00cen prezent, Regulamentul general privind protec\u021bia datelor (GDPR) stabile\u0219te c\u0103 v\u00e2rsta minim\u0103 pentru consim\u021b\u0103m\u00e2ntul referitor la prelucrarea datelor personale este de 13 ani, permi\u021b\u00e2nd astfel crearea unui cont pe multe platforme sociale. Totu\u0219i, <a href=\"https:\/\/www.mediafax.ro\/social\/o-tara-din-ue-vrea-sa-restrictioneze-accesul-copiilor-sub-14-ani-la-retelele-sociale-23711116\" target=\"_blank\" rel=\"noopener\">statele membre ale Uniunii Europene<\/a> au capacitatea de a ridica aceast\u0103 limit\u0103. \u00cen Italia, legisla\u021bia permite minorilor s\u0103 creeze conturi pe re\u021belele sociale de la 14 ani, dar \u00een practic\u0103, verificarea v\u00e2rstei utilizatorilor este adesea neglijat\u0103 \u0219i u\u0219or de evitat.<\/p>\n","protected":false},"excerpt":{"rendered":"<p>Recent, a fost depus\u0103 o propunere de lege \u00een Consiliul Regional Veneto, care ar putea ajunge \u00een Parlamentul italian dac\u0103 va primi aprobarea la nivel regional. \u00cen Italia, regiunile au capacitatea de a ini\u021bia proiecte legislative cu aplicare na\u021bional\u0103, conform informa\u021biilor furnizate de Il Post. Proiectele trebuie, ulterior, s\u0103 fie dezb\u0103tute \u0219i votate de Camera [&hellip;]<\/p>\n","protected":false},"author":2,"featured_media":11779,"comment_status":"open","ping_status":"open","sticky":false,"template":"","format":"standard","meta":{"jnews-multi-image_gallery":[],"jnews_single_post":[],"jnews_primary_category":[],"jnews_override_counter":[],"footnotes":""},"categories":[41],"tags":[14690,13433,702,1896,532,4077,1955,14689],"class_list":["post-11778","post","type-post","status-publish","format-standard","has-post-thumbnail","hentry","category-externe","tag-alberto-stefani","tag-centru-dreapta","tag-italia","tag-lege","tag-legislatie","tag-propunere","tag-retele-sociale","tag-veneto"],"_links":{"self":[{"href":"https:\/\/www.newsrecorder.ro\/app\/wp-json\/wp\/v2\/posts\/11778","targetHints":{"allow":["GET"]}}],"collection":[{"href":"https:\/\/www.newsrecorder.ro\/app\/wp-json\/wp\/v2\/posts"}],"about":[{"href":"https:\/\/www.newsrecorder.ro\/app\/wp-json\/wp\/v2\/types\/post"}],"author":[{"embeddable":true,"href":"https:\/\/www.newsrecorder.ro\/app\/wp-json\/wp\/v2\/users\/2"}],"replies":[{"embeddable":true,"href":"https:\/\/www.newsrecorder.ro\/app\/wp-json\/wp\/v2\/comments?post=11778"}],"version-history":[{"count":0,"href":"https:\/\/www.newsrecorder.ro\/app\/wp-json\/wp\/v2\/posts\/11778\/revisions"}],"wp:featuredmedia":[{"embeddable":true,"href":"https:\/\/www.newsrecorder.ro\/app\/wp-json\/wp\/v2\/media\/11779"}],"wp:attachment":[{"href":"https:\/\/www.newsrecorder.ro\/app\/wp-json\/wp\/v2\/media?parent=11778"}],"wp:term":[{"taxonomy":"category","embeddable":true,"href":"https:\/\/www.newsrecorder.ro\/app\/wp-json\/wp\/v2\/categories?post=11778"},{"taxonomy":"post_tag","embeddable":true,"href":"https:\/\/www.newsrecorder.ro\/app\/wp-json\/wp\/v2\/tags?post=11778"}],"curies":[{"name":"wp","href":"https:\/\/api.w.org\/{rel}","templated":true}]}}