{"id":11794,"date":"2026-04-03T16:42:10","date_gmt":"2026-04-03T16:42:10","guid":{"rendered":"https:\/\/www.newsrecorder.ro\/app\/2026\/04\/03\/gheorghe-hagi-favorit-al-comisiei-tehnice-pentru-selectionerul-romaniei\/"},"modified":"2026-04-03T16:42:10","modified_gmt":"2026-04-03T16:42:10","slug":"gheorghe-hagi-favorit-al-comisiei-tehnice-pentru-selectionerul-romaniei","status":"publish","type":"post","link":"https:\/\/www.newsrecorder.ro\/app\/2026\/04\/03\/gheorghe-hagi-favorit-al-comisiei-tehnice-pentru-selectionerul-romaniei\/","title":{"rendered":"Gheorghe Hagi, favorit al Comisiei Tehnice pentru selec\u021bionerul Rom\u00e2niei!"},"content":{"rendered":"<p>Comisia Tehnic\u0103, sub conducerea directorului tehnic Mihai Stoichi\u021b\u0103, a evaluat cu aten\u021bie situa\u021bia echipei na\u021bionale de fotbal \u0219i a propus mai multe op\u021biuni pentru postul r\u0103mas liber, \u00een urma \u00eencheierii mandatului lui Mircea Lucescu. \u00cen cadrul acestei analize, Gheorghe Hagi a primit sus\u021binerea unanim\u0103 din partea membrilor comisiei, conform unui comunicat emis de Federa\u021bia Rom\u00e2n\u0103 de Fotbal.<\/p>\n<p>Printre altele, o alt\u0103 persoan\u0103 men\u021bionat\u0103 ca posibil candidat este Edward Iord\u0103nescu, un tehnician cu experien\u021b\u0103 care ar putea prelua conducerea echipei.<\/p>\n<p>Aceste propuneri vor fi prezentate Comitetului Executiv al FRF, care se va reuni pe 8 aprilie, pentru a decide cu cine vor \u00eencepe negocierile pentru ocuparea postului de selec\u021bioner. Decizia final\u0103 va fi luat\u0103 de c\u0103tre membrii Comitetului Executiv, iar ulterior pre\u0219edintele FRF va avea mandatul necesar pentru a purta discu\u021bii cu candidatul ales.<\/p>\n<p>Anun\u021bul oficial referitor la noul selec\u021bioner al Rom\u00e2niei va fi f\u0103cut public dup\u0103 finalizarea tuturor formalit\u0103\u021bilor contractuale, asigur\u00e2ndu-se astfel o tranzi\u021bie lin\u0103 \u00een conducerea tehnic\u0103 a echipei na\u021bionale.<\/p>\n","protected":false},"excerpt":{"rendered":"<p>Comisia Tehnic\u0103, sub conducerea directorului tehnic Mihai Stoichi\u021b\u0103, a evaluat cu aten\u021bie situa\u021bia echipei na\u021bionale de fotbal \u0219i a propus mai multe op\u021biuni pentru postul r\u0103mas liber, \u00een urma \u00eencheierii mandatului lui Mircea Lucescu. \u00cen cadrul acestei analize, Gheorghe Hagi a primit sus\u021binerea unanim\u0103 din partea membrilor comisiei, conform unui comunicat emis de Federa\u021bia Rom\u00e2n\u0103 [&hellip;]<\/p>\n","protected":false},"author":6,"featured_media":11795,"comment_status":"open","ping_status":"open","sticky":false,"template":"","format":"standard","meta":{"jnews-multi-image_gallery":[],"jnews_single_post":[],"jnews_primary_category":[],"jnews_override_counter":[],"footnotes":""},"categories":[46],"tags":[14717,14719,113,14718,1768,5545,5544,12008],"class_list":["post-11794","post","type-post","status-publish","format-standard","has-post-thumbnail","hentry","category-sport","tag-comisia-tehnica","tag-comitetul-executiv","tag-echipa-nationala","tag-edward-iordanescu","tag-federatia-romana-de-fotbal","tag-gheorghe-hagi","tag-mihai-stoichita","tag-selectioner-romania"],"_links":{"self":[{"href":"https:\/\/www.newsrecorder.ro\/app\/wp-json\/wp\/v2\/posts\/11794","targetHints":{"allow":["GET"]}}],"collection":[{"href":"https:\/\/www.newsrecorder.ro\/app\/wp-json\/wp\/v2\/posts"}],"about":[{"href":"https:\/\/www.newsrecorder.ro\/app\/wp-json\/wp\/v2\/types\/post"}],"author":[{"embeddable":true,"href":"https:\/\/www.newsrecorder.ro\/app\/wp-json\/wp\/v2\/users\/6"}],"replies":[{"embeddable":true,"href":"https:\/\/www.newsrecorder.ro\/app\/wp-json\/wp\/v2\/comments?post=11794"}],"version-history":[{"count":0,"href":"https:\/\/www.newsrecorder.ro\/app\/wp-json\/wp\/v2\/posts\/11794\/revisions"}],"wp:featuredmedia":[{"embeddable":true,"href":"https:\/\/www.newsrecorder.ro\/app\/wp-json\/wp\/v2\/media\/11795"}],"wp:attachment":[{"href":"https:\/\/www.newsrecorder.ro\/app\/wp-json\/wp\/v2\/media?parent=11794"}],"wp:term":[{"taxonomy":"category","embeddable":true,"href":"https:\/\/www.newsrecorder.ro\/app\/wp-json\/wp\/v2\/categories?post=11794"},{"taxonomy":"post_tag","embeddable":true,"href":"https:\/\/www.newsrecorder.ro\/app\/wp-json\/wp\/v2\/tags?post=11794"}],"curies":[{"name":"wp","href":"https:\/\/api.w.org\/{rel}","templated":true}]}}