{"id":11796,"date":"2026-04-03T16:42:44","date_gmt":"2026-04-03T16:42:44","guid":{"rendered":"https:\/\/www.newsrecorder.ro\/app\/2026\/04\/03\/enzo-fernandez-exclus-de-chelsea-dupa-comentariile-despre-madrid\/"},"modified":"2026-04-03T16:42:44","modified_gmt":"2026-04-03T16:42:44","slug":"enzo-fernandez-exclus-de-chelsea-dupa-comentariile-despre-madrid","status":"publish","type":"post","link":"https:\/\/www.newsrecorder.ro\/app\/2026\/04\/03\/enzo-fernandez-exclus-de-chelsea-dupa-comentariile-despre-madrid\/","title":{"rendered":"Enzo Fern\u00e1ndez, exclus de Chelsea dup\u0103 comentariile despre Madrid!"},"content":{"rendered":"<p>Interna\u021bionalul argentinian Enzo Fern\u00e1ndez a st\u00e2rnit aten\u021bia recent \u00eentr-un podcast, exprim\u00e2ndu-\u0219i dorin\u021ba de a locui \u00een Madrid \u00een viitor. Aceast\u0103 declara\u021bie a alimentat specula\u021biile legate de un posibil transfer la prestigiosul club Real Madrid. Dup\u0103 eliminarea echipei Chelsea din UEFA Champions League de c\u0103tre Paris Saint-Germain, Fern\u00e1ndez a recunoscut c\u0103 nu este sigur dac\u0103 va continua s\u0103 joace pentru Chelsea \u00een sezonul urm\u0103tor.<\/p>\n<p>Antrenorul Liam Rosenior a confirmat c\u0103 decizia de a-l exclude pe Fern\u00e1ndez din lot a fost luat\u0103 de comun acord \u00eentre to\u021bi membrii clubului. \u201eAm discutat cu Enzo acum aproximativ o or\u0103. Ca \u0219i club, am decis \u00eempreun\u0103 c\u0103 nu va fi disponibil pentru meciul de m\u00e2ine \u0219i nici pentru cel cu Manchester City\u201d, a declarat Rosenior vineri, \u00een timpul unei conferin\u021be de pres\u0103 premerg\u0103toare partidei din Cupa Angliei.<\/p>\n<p>Astfel, Fern\u00e1ndez va lipsi at\u00e2t de la meciul din Cupa Angliei contra celor de la Port Vale, c\u00e2t \u0219i de la confruntarea din Premier League cu Manchester City.<\/p>\n<p>Rosenior a subliniat c\u0103 declara\u021biile lui Fern\u00e1ndez au dep\u0103\u0219it limitele acceptabile ale culturii clubului. \u201eEste dezam\u0103gitor ca Enzo s\u0103 vorbeasc\u0103 \u00een acest mod. Ca persoan\u0103, nu am nimic negativ de spus despre el, dar s-a trecut o limit\u0103 \u00een ceea ce prive\u0219te cultura noastr\u0103 \u0219i valorile pe care vrem s\u0103 le promov\u0103m\u201d, a ad\u0103ugat antrenorul.<\/p>\n<p>Tehnicianul a insistat c\u0103 decizia de a-l exclude pe Fern\u00e1ndez nu este una individual\u0103, ci reprezint\u0103 o pozi\u021bie comun\u0103 a \u00eentregului club. \u201eNu este vorba doar despre mine, ci \u0219i despre directorii sportivi, conducerea \u0219i to\u021bi juc\u0103torii \u2013 suntem cu to\u021bii alinia\u021bi \u00een aceast\u0103 decizie. U\u0219a nu este complet \u00eenchis\u0103 pentru Enzo. Este o sanc\u021biune, deoarece trebuie s\u0103 protej\u0103m cultura clubului, iar \u00een acest caz, o linie a fost dep\u0103\u0219it\u0103\u201d, a explicat Rosenior.<\/p>\n<p>\u00cen ciuda situa\u021biei, Rosenior a dorit s\u0103 transmit\u0103 un mesaj de sus\u021binere pentru Fern\u00e1ndez. \u201e\u00cen primul r\u00e2nd, ca persoan\u0103 \u0219i ca juc\u0103tor, \u00eel respect enorm. Este frustrat, deoarece \u00ee\u0219i dore\u0219te ca echipa s\u0103 aib\u0103 succes\u201d, a concluzionat antrenorul.<\/p>\n<p>Enzo Fern\u00e1ndez a fost transferat la Chelsea \u00een 2023 pentru o sum\u0103 record de aproximativ 107 milioane de lire sterline \u0219i a fost numit ulterior vicec\u0103pitan al echipei, ceea ce face \u0219i mai surprinz\u0103toare situa\u021bia \u00een care se afl\u0103 acum.<\/p>\n","protected":false},"excerpt":{"rendered":"<p>Interna\u021bionalul argentinian Enzo Fern\u00e1ndez a st\u00e2rnit aten\u021bia recent \u00eentr-un podcast, exprim\u00e2ndu-\u0219i dorin\u021ba de a locui \u00een Madrid \u00een viitor. Aceast\u0103 declara\u021bie a alimentat specula\u021biile legate de un posibil transfer la prestigiosul club Real Madrid. Dup\u0103 eliminarea echipei Chelsea din UEFA Champions League de c\u0103tre Paris Saint-Germain, Fern\u00e1ndez a recunoscut c\u0103 nu este sigur dac\u0103 va [&hellip;]<\/p>\n","protected":false},"author":6,"featured_media":11797,"comment_status":"open","ping_status":"open","sticky":false,"template":"","format":"standard","meta":{"jnews-multi-image_gallery":[],"jnews_single_post":[],"jnews_primary_category":[],"jnews_override_counter":[],"footnotes":""},"categories":[46],"tags":[838,2780,14721,14720,520,1395,1158,8427],"class_list":["post-11796","post","type-post","status-publish","format-standard","has-post-thumbnail","hentry","category-sport","tag-antrenor","tag-chelsea","tag-cupa-engliei","tag-enzo-fernandez","tag-liga","tag-real-madrid","tag-transfer","tag-uefa-champions-league"],"_links":{"self":[{"href":"https:\/\/www.newsrecorder.ro\/app\/wp-json\/wp\/v2\/posts\/11796","targetHints":{"allow":["GET"]}}],"collection":[{"href":"https:\/\/www.newsrecorder.ro\/app\/wp-json\/wp\/v2\/posts"}],"about":[{"href":"https:\/\/www.newsrecorder.ro\/app\/wp-json\/wp\/v2\/types\/post"}],"author":[{"embeddable":true,"href":"https:\/\/www.newsrecorder.ro\/app\/wp-json\/wp\/v2\/users\/6"}],"replies":[{"embeddable":true,"href":"https:\/\/www.newsrecorder.ro\/app\/wp-json\/wp\/v2\/comments?post=11796"}],"version-history":[{"count":0,"href":"https:\/\/www.newsrecorder.ro\/app\/wp-json\/wp\/v2\/posts\/11796\/revisions"}],"wp:featuredmedia":[{"embeddable":true,"href":"https:\/\/www.newsrecorder.ro\/app\/wp-json\/wp\/v2\/media\/11797"}],"wp:attachment":[{"href":"https:\/\/www.newsrecorder.ro\/app\/wp-json\/wp\/v2\/media?parent=11796"}],"wp:term":[{"taxonomy":"category","embeddable":true,"href":"https:\/\/www.newsrecorder.ro\/app\/wp-json\/wp\/v2\/categories?post=11796"},{"taxonomy":"post_tag","embeddable":true,"href":"https:\/\/www.newsrecorder.ro\/app\/wp-json\/wp\/v2\/tags?post=11796"}],"curies":[{"name":"wp","href":"https:\/\/api.w.org\/{rel}","templated":true}]}}