{"id":11818,"date":"2026-04-03T20:47:37","date_gmt":"2026-04-03T20:47:37","guid":{"rendered":"https:\/\/www.newsrecorder.ro\/app\/2026\/04\/03\/romania-isi-propune-finala-ligii-europa-2028-2029-pe-arena-nationala\/"},"modified":"2026-04-03T20:47:37","modified_gmt":"2026-04-03T20:47:37","slug":"romania-isi-propune-finala-ligii-europa-2028-2029-pe-arena-nationala","status":"publish","type":"post","link":"https:\/\/www.newsrecorder.ro\/app\/2026\/04\/03\/romania-isi-propune-finala-ligii-europa-2028-2029-pe-arena-nationala\/","title":{"rendered":"Rom\u00e2nia \u00ee\u0219i propune finala Ligii Europa 2028\/2029 pe Arena Na\u021bional\u0103!"},"content":{"rendered":"<p>Recent, am participat la prima \u00eent\u00e2lnire de lucru a Comitetului Interministerial care are ca scop depunerea candidaturii Rom\u00e2niei pentru g\u0103zduirea finalei Ligii Europa \u00een sezonul 2028\/2029, eveniment ce ar urma s\u0103 se desf\u0103\u0219oare pe Arena Na\u021bional\u0103 din Bucure\u0219ti. Prin intermediul acestei candidaturi, ne angaj\u0103m s\u0103 respect\u0103m toate standardele europene necesare pentru organizarea unui eveniment de o asemenea amploare. Un aspect esen\u021bial al acestei ini\u021biative este componenta de transport, care va avea un rol crucial at\u00e2t \u00een asigurarea transportului public pentru c\u0103l\u0103tori, c\u00e2t \u0219i \u00een facilitarea accesului vizitatorilor din diverse ora\u0219e \u0219i \u021b\u0103ri europene\u201d, a declarat Scrio\u0219teanu pe platforma sa de socializare, Facebook.<\/p>\n<p>\u00cen cadrul \u0219edin\u021bei Comitetului Interministerial, au fost discutate \u0219i decise urm\u0103toarele:<\/p>\n<ul>\n<li>Adoptarea Regulamentului de Func\u021bionare a Comitetului Interministerial<\/li>\n<li>Analiza angajamentelor pe care Rom\u00e2nia se angajeaz\u0103 s\u0103 le respecte<\/li>\n<li>Stabilirea unui calendar de implementare accelerat pentru a respecta termenele stabilite de UEFA<\/li>\n<\/ul>\n<p>Scrio\u0219teanu a mai men\u021bionat c\u0103 \u201eprima versiune a scrisorii de garan\u021bie va fi evaluat\u0103 la sf\u00e2r\u0219itul lunii aprilie, iar semnarea documentelor necesare pentru dosarul de candidatur\u0103 este programat\u0103 pentru 15 mai\u201d.<\/p>\n<p>De asemenea, se a\u0219teapt\u0103 ca UEFA s\u0103 anun\u021be oficial ora\u0219ele gazd\u0103 pentru edi\u021biile din 2028 \u0219i 2029 \u00een luna iunie.<\/p>\n<p>\u00cent\u00e2lnirea a fost organizat\u0103 de Guvernul Rom\u00e2niei \u00een colaborare cu Federa\u021bia Rom\u00e2n\u0103 de Fotbal.<\/p>\n<p>\u201e\u00cen calitate de secretar de stat, am fost implicat \u0219i \u00een comitetul de organizare al meciurilor din cadrul campionatului european de fotbal desf\u0103\u0219urat \u00een Rom\u00e2nia \u00een 2021. Totodat\u0103, am coordonat realizarea liniei feroviare ce leag\u0103 Gara de Nord Bucure\u0219ti de Aeroportul Interna\u021bional Otopeni, un obiectiv pe care ni l-am asumat \u00een candidatura noastr\u0103 pentru organizarea acelor meciuri\u201d, a ad\u0103ugat el.<\/p>\n","protected":false},"excerpt":{"rendered":"<p>Recent, am participat la prima \u00eent\u00e2lnire de lucru a Comitetului Interministerial care are ca scop depunerea candidaturii Rom\u00e2niei pentru g\u0103zduirea finalei Ligii Europa \u00een sezonul 2028\/2029, eveniment ce ar urma s\u0103 se desf\u0103\u0219oare pe Arena Na\u021bional\u0103 din Bucure\u0219ti. Prin intermediul acestei candidaturi, ne angaj\u0103m s\u0103 respect\u0103m toate standardele europene necesare pentru organizarea unui eveniment de [&hellip;]<\/p>\n","protected":false},"author":6,"featured_media":11819,"comment_status":"open","ping_status":"open","sticky":false,"template":"","format":"standard","meta":{"jnews-multi-image_gallery":[],"jnews_single_post":[],"jnews_primary_category":[],"jnews_override_counter":[],"footnotes":""},"categories":[46],"tags":[14569,14744,481,14746,14745,14747,3774,366],"class_list":["post-11818","post","type-post","status-publish","format-standard","has-post-thumbnail","hentry","category-sport","tag-arena-nationala","tag-candidatura-romaniei","tag-comitet-interministerial","tag-eveniment-international","tag-finala-ligii-europa","tag-regulament-de-functionare","tag-standarde-europene","tag-transport-public"],"_links":{"self":[{"href":"https:\/\/www.newsrecorder.ro\/app\/wp-json\/wp\/v2\/posts\/11818","targetHints":{"allow":["GET"]}}],"collection":[{"href":"https:\/\/www.newsrecorder.ro\/app\/wp-json\/wp\/v2\/posts"}],"about":[{"href":"https:\/\/www.newsrecorder.ro\/app\/wp-json\/wp\/v2\/types\/post"}],"author":[{"embeddable":true,"href":"https:\/\/www.newsrecorder.ro\/app\/wp-json\/wp\/v2\/users\/6"}],"replies":[{"embeddable":true,"href":"https:\/\/www.newsrecorder.ro\/app\/wp-json\/wp\/v2\/comments?post=11818"}],"version-history":[{"count":0,"href":"https:\/\/www.newsrecorder.ro\/app\/wp-json\/wp\/v2\/posts\/11818\/revisions"}],"wp:featuredmedia":[{"embeddable":true,"href":"https:\/\/www.newsrecorder.ro\/app\/wp-json\/wp\/v2\/media\/11819"}],"wp:attachment":[{"href":"https:\/\/www.newsrecorder.ro\/app\/wp-json\/wp\/v2\/media?parent=11818"}],"wp:term":[{"taxonomy":"category","embeddable":true,"href":"https:\/\/www.newsrecorder.ro\/app\/wp-json\/wp\/v2\/categories?post=11818"},{"taxonomy":"post_tag","embeddable":true,"href":"https:\/\/www.newsrecorder.ro\/app\/wp-json\/wp\/v2\/tags?post=11818"}],"curies":[{"name":"wp","href":"https:\/\/api.w.org\/{rel}","templated":true}]}}