{"id":1183,"date":"2026-02-01T19:17:00","date_gmt":"2026-02-01T19:17:00","guid":{"rendered":"https:\/\/www.newsrecorder.ro\/app\/2026\/02\/01\/u-bt-infrunta-partizan-dar-fanii-clujeni-raman-neclintiti-silvasan-nu-suntem-morti\/"},"modified":"2026-02-01T19:17:00","modified_gmt":"2026-02-01T19:17:00","slug":"u-bt-infrunta-partizan-dar-fanii-clujeni-raman-neclintiti-silvasan-nu-suntem-morti","status":"publish","type":"post","link":"https:\/\/www.newsrecorder.ro\/app\/2026\/02\/01\/u-bt-infrunta-partizan-dar-fanii-clujeni-raman-neclintiti-silvasan-nu-suntem-morti\/","title":{"rendered":"U-BT \u00eenfrunt\u0103 Partizan, dar fanii clujeni r\u0103m\u00e2n neclinti\u021bi! Silv\u0103\u0219an: &#8222;Nu suntem mor\u021bi!&#8221;"},"content":{"rendered":"<p>U-BT Cluj-Napoca a suferit o \u00eenfr\u00e2ngere \u00een deplasare \u00een fa\u021ba echipei Partizan Belgrad, \u00eentr-un meci din etapa a 17-a a Ligii Adriatice. Scorul final a fost de 90-79 \u00een favoarea echipei gazd\u0103, care particip\u0103 \u0219i \u00een Eurolig\u0103.<\/p>\n<p>De\u0219i rezultatul nu a fost favorabil, atmosfera din tribune a fost electrizant\u0103, cu peste 520 de suporteri clujeni care \u0219i-au \u00eencurajat echipa p\u00e2n\u0103 \u00een ultima secund\u0103, domin\u00e2nd sonor fundalul meciului. Reprezentan\u021bii Ligii Adriatice au subliniat pe Facebook entuziasmul fanilor: \u201eFanii echipei U-BT Cluj-Napoca au venit \u00een num\u0103r mare la Belgrad \u0219i \u0219i-au ar\u0103tat sprijinul enorm pentru echipa lor pe tot parcursul meciului.\u201d<\/p>\n<p>At\u00e2t U-BT, c\u00e2t \u0219i Partizan sunt deja calificate \u00een faza urm\u0103toare a Ligii Adriatice, ceea ce adaug\u0103 un strop de optimism \u00een r\u00e2ndul echipei clujene. Antrenorul Mihai Silv\u0103\u0219an a comentat despre meci: \u201eAm \u00eencercat s\u0103 ne lupt\u0103m \u0219i cred c\u0103 am reu\u0219it asta \u00een multe momente ale jocului. \u00cens\u0103, am avut prea multe mingi pierdute. E greu s\u0103 c\u00e2\u0219tigi \u00eempotriva lui Partizan, av\u00e2nd \u00een vedere calitatea juc\u0103torilor lor, c\u00e2nd ai 21 de mingi pierdute. De asemenea, am permis prea multe recuper\u0103ri ofensive, mai ales \u00een sfertul doi, c\u00e2nd ei au avut 8. Asta a fost istoria meciului.\u201d<\/p>\n<p>Silv\u0103\u0219an a mul\u021bumit fanilor pentru sprijinul acordat \u0219i a asigurat c\u0103 echipa nu este eliminat\u0103 din nicio competi\u021bie, men\u021bion\u00e2nd Eurocup, unde U-BT lupt\u0103 pentru un loc \u00een faza urm\u0103toare. \u201eNu suntem \u00een cea mai bun\u0103 situa\u021bie acum, avem multe meciuri \u00een deplasare \u0219i am \u00eenregistrat multe \u00eenfr\u00e2ngeri recent, dar cred c\u0103 avem un grup bun de b\u0103ie\u021bi, cu caracter. Este esen\u021bial s\u0103 r\u0103m\u00e2nem uni\u021bi \u0219i s\u0103 mergem \u00eenainte. Nu suntem mor\u021bi, nu suntem elimina\u021bi din nicio competi\u021bie \u00een care juc\u0103m \u0219i trebuie s\u0103 lupt\u0103m pentru \u0219ansele noastre p\u00e2n\u0103 la final\u201d, a ad\u0103ugat el.<\/p>\n<p>\u00cen contextul Eurocup, U-BT se afl\u0103 pe locul 6 \u00een grupa B, ultimul care asigur\u0103 accesul \u00een play-off. Echipa mai are de disputat dou\u0103 meciuri importante: unul \u00een deplasare cu liderul grupei, Hapoel Ierusalim, programat pentru miercuri, \u0219i un altul acas\u0103 cu Aris Salonic, pe 11 februarie.<\/p>\n","protected":false},"excerpt":{"rendered":"<p>U-BT Cluj-Napoca a suferit o \u00eenfr\u00e2ngere \u00een deplasare \u00een fa\u021ba echipei Partizan Belgrad, \u00eentr-un meci din etapa a 17-a a Ligii Adriatice. Scorul final a fost de 90-79 \u00een favoarea echipei gazd\u0103, care particip\u0103 \u0219i \u00een Eurolig\u0103. De\u0219i rezultatul nu a fost favorabil, atmosfera din tribune a fost electrizant\u0103, cu peste 520 de suporteri clujeni [&hellip;]<\/p>\n","protected":false},"author":6,"featured_media":1184,"comment_status":"open","ping_status":"open","sticky":false,"template":"","format":"standard","meta":{"jnews-multi-image_gallery":[],"jnews_single_post":[],"jnews_primary_category":[],"jnews_override_counter":[],"footnotes":""},"categories":[46],"tags":[838,1785,52,1786,57,1783,87,2129],"class_list":["post-1183","post","type-post","status-publish","format-standard","has-post-thumbnail","hentry","category-sport","tag-antrenor","tag-euroliga","tag-infrangere","tag-liga-adriatica","tag-meci","tag-partizan-belgrad","tag-suporteri","tag-u-multe-ratari-la-aruncari-u-bt-cluj-napoca"],"_links":{"self":[{"href":"https:\/\/www.newsrecorder.ro\/app\/wp-json\/wp\/v2\/posts\/1183","targetHints":{"allow":["GET"]}}],"collection":[{"href":"https:\/\/www.newsrecorder.ro\/app\/wp-json\/wp\/v2\/posts"}],"about":[{"href":"https:\/\/www.newsrecorder.ro\/app\/wp-json\/wp\/v2\/types\/post"}],"author":[{"embeddable":true,"href":"https:\/\/www.newsrecorder.ro\/app\/wp-json\/wp\/v2\/users\/6"}],"replies":[{"embeddable":true,"href":"https:\/\/www.newsrecorder.ro\/app\/wp-json\/wp\/v2\/comments?post=1183"}],"version-history":[{"count":0,"href":"https:\/\/www.newsrecorder.ro\/app\/wp-json\/wp\/v2\/posts\/1183\/revisions"}],"wp:featuredmedia":[{"embeddable":true,"href":"https:\/\/www.newsrecorder.ro\/app\/wp-json\/wp\/v2\/media\/1184"}],"wp:attachment":[{"href":"https:\/\/www.newsrecorder.ro\/app\/wp-json\/wp\/v2\/media?parent=1183"}],"wp:term":[{"taxonomy":"category","embeddable":true,"href":"https:\/\/www.newsrecorder.ro\/app\/wp-json\/wp\/v2\/categories?post=1183"},{"taxonomy":"post_tag","embeddable":true,"href":"https:\/\/www.newsrecorder.ro\/app\/wp-json\/wp\/v2\/tags?post=1183"}],"curies":[{"name":"wp","href":"https:\/\/api.w.org\/{rel}","templated":true}]}}