{"id":11834,"date":"2026-04-03T20:50:29","date_gmt":"2026-04-03T20:50:29","guid":{"rendered":"https:\/\/www.newsrecorder.ro\/app\/2026\/04\/03\/aur-saluta-eliberarea-lui-calin-georgescu-un-pas-spre-normalitate\/"},"modified":"2026-04-03T20:50:29","modified_gmt":"2026-04-03T20:50:29","slug":"aur-saluta-eliberarea-lui-calin-georgescu-un-pas-spre-normalitate","status":"publish","type":"post","link":"https:\/\/www.newsrecorder.ro\/app\/2026\/04\/03\/aur-saluta-eliberarea-lui-calin-georgescu-un-pas-spre-normalitate\/","title":{"rendered":"AUR salut\u0103 eliberarea lui C\u0103lin Georgescu: Un pas spre normalitate!"},"content":{"rendered":"<p>Decizia luat\u0103 ast\u0103zi de instan\u021b\u0103, prin care controlul judiciar impus lui C\u0103lin Georgescu a fost ridicat, reprezint\u0103 un pas semnificativ \u00een direc\u021bia restabilirii normalit\u0103\u021bii \u0219i a respect\u0103rii principiilor democratice. Partidul AUR a transmis un mesaj pe Facebook, subliniind c\u0103 nu se va opri aici: \u201eMergem p\u00e2n\u0103 la cap\u0103t pentru ca dreptatea s\u0103 nu fie doar un slogan, ci o realitate \u00een Rom\u00e2nia.\u201d<\/p>\n<p>Aceast\u0103 reac\u021bie a venit \u00een urma hot\u0103r\u00e2rii Tribunalului Bucure\u0219ti, care a <a style=\"color: #0000ff\" href=\"https:\/\/www.mediafax.ro\/politic\/calin-georgescu-scapa-de-controlul-judiciar-tribunalul-bucuresti-a-revocat-definitiv-masura-preventiva-23714706\">admis<\/a> contesta\u021bia avoca\u021bilor lui Georgescu. Instan\u021ba a reanalizat cazul \u0219i a stabilit c\u0103 m\u0103sura controlului judiciar nu are fundament solid, ordon\u00e2nd astfel ridicarea acesteia.<\/p>\n<p>C\u0103lin Georgescu, fost candidat la alegerile preziden\u021biale, a fost plasat sub control judiciar pe 26 februarie 2025, dup\u0103 ce a fost re\u021binut de procurori \u0219i dus la audieri la Parchetul General. De atunci, aceast\u0103 m\u0103sur\u0103 a fost prelungit\u0103 \u00een mod repetat.<\/p>\n<p>\u00cen plus, Georgescu se confrunt\u0103 cu acuza\u021bii de propagand\u0103 legionar\u0103 \u0219i complicitate la tentative de a comite ac\u021biuni \u00eempotriva ordinii constitu\u021bionale.<\/p>\n","protected":false},"excerpt":{"rendered":"<p>Decizia luat\u0103 ast\u0103zi de instan\u021b\u0103, prin care controlul judiciar impus lui C\u0103lin Georgescu a fost ridicat, reprezint\u0103 un pas semnificativ \u00een direc\u021bia restabilirii normalit\u0103\u021bii \u0219i a respect\u0103rii principiilor democratice. Partidul AUR a transmis un mesaj pe Facebook, subliniind c\u0103 nu se va opri aici: \u201eMergem p\u00e2n\u0103 la cap\u0103t pentru ca dreptatea s\u0103 nu fie doar [&hellip;]<\/p>\n","protected":false},"author":2,"featured_media":11835,"comment_status":"open","ping_status":"open","sticky":false,"template":"","format":"standard","meta":{"jnews-multi-image_gallery":[],"jnews_single_post":[],"jnews_primary_category":[],"jnews_override_counter":[],"footnotes":""},"categories":[42],"tags":[643,2618,2620,288,5467,6086,149,3576],"class_list":["post-11834","post","type-post","status-publish","format-standard","has-post-thumbnail","hentry","category-politica","tag-acuzatii","tag-calin-georgescu","tag-control-judiciar","tag-democratie","tag-dreptate","tag-partidul-aur","tag-romania","tag-tribunalul-bucuresti"],"_links":{"self":[{"href":"https:\/\/www.newsrecorder.ro\/app\/wp-json\/wp\/v2\/posts\/11834","targetHints":{"allow":["GET"]}}],"collection":[{"href":"https:\/\/www.newsrecorder.ro\/app\/wp-json\/wp\/v2\/posts"}],"about":[{"href":"https:\/\/www.newsrecorder.ro\/app\/wp-json\/wp\/v2\/types\/post"}],"author":[{"embeddable":true,"href":"https:\/\/www.newsrecorder.ro\/app\/wp-json\/wp\/v2\/users\/2"}],"replies":[{"embeddable":true,"href":"https:\/\/www.newsrecorder.ro\/app\/wp-json\/wp\/v2\/comments?post=11834"}],"version-history":[{"count":0,"href":"https:\/\/www.newsrecorder.ro\/app\/wp-json\/wp\/v2\/posts\/11834\/revisions"}],"wp:featuredmedia":[{"embeddable":true,"href":"https:\/\/www.newsrecorder.ro\/app\/wp-json\/wp\/v2\/media\/11835"}],"wp:attachment":[{"href":"https:\/\/www.newsrecorder.ro\/app\/wp-json\/wp\/v2\/media?parent=11834"}],"wp:term":[{"taxonomy":"category","embeddable":true,"href":"https:\/\/www.newsrecorder.ro\/app\/wp-json\/wp\/v2\/categories?post=11834"},{"taxonomy":"post_tag","embeddable":true,"href":"https:\/\/www.newsrecorder.ro\/app\/wp-json\/wp\/v2\/tags?post=11834"}],"curies":[{"name":"wp","href":"https:\/\/api.w.org\/{rel}","templated":true}]}}