{"id":11836,"date":"2026-04-03T20:50:52","date_gmt":"2026-04-03T20:50:52","guid":{"rendered":"https:\/\/www.newsrecorder.ro\/app\/2026\/04\/03\/primul-loc-de-munca-statul-sprijina-28-000-de-tineri-si-angajatori\/"},"modified":"2026-04-03T20:50:52","modified_gmt":"2026-04-03T20:50:52","slug":"primul-loc-de-munca-statul-sprijina-28-000-de-tineri-si-angajatori","status":"publish","type":"post","link":"https:\/\/www.newsrecorder.ro\/app\/2026\/04\/03\/primul-loc-de-munca-statul-sprijina-28-000-de-tineri-si-angajatori\/","title":{"rendered":"\u201ePrimul loc de munc\u0103\u201d: Statul sprijin\u0103 28.000 de tineri \u0219i angajatori!"},"content":{"rendered":"<p>Un nou program \u00ee\u0219i propune s\u0103 sprijine tinerii care nu au avut p\u00e2n\u0103 acum un loc de munc\u0103, oferind subven\u021bii atractive at\u00e2t pentru angaja\u021bi, c\u00e2t \u0219i pentru angajatori. Aceast\u0103 ini\u021biativ\u0103 are ca scop facilitarea integr\u0103rii pe pia\u021ba muncii a tinerilor care au terminat \u0219coala, liceul sau universitatea, dar nu au reu\u0219it s\u0103 \u00ee\u0219i g\u0103seasc\u0103 un loc de munc\u0103.<\/p>\n<p>\u201ePrincipalul proiect pe care \u00eel promov\u0103m \u00een acest moment este cel dedicat subven\u021bion\u0103rii primului loc de munc\u0103 pentru tineri. Este destinat tinerilor care nu au avut experien\u021b\u0103 profesional\u0103 anterioar\u0103. Astfel, angajatorii vor primi o subven\u021bie de <strong>2.250 de lei pe lun\u0103, timp de 12 luni<\/strong>, pentru fiecare t\u00e2n\u0103r angajat. \u00cen plus, tinerii vor beneficia de o sum\u0103 de <strong>1.000 de lei pe lun\u0103 \u00een primele 12 luni<\/strong>, iar \u00een urm\u0103toarele 12 luni vor primi <strong>1.250 de lei lunar<\/strong>\u201d, a declarat ministrul muncii \u00een cadrul emisiunii Atitudini, difuzat\u0103 de G\u00e2ndul.<\/p>\n<p>Acest program ofer\u0103 un sprijin financiar pe parcursul a 24 de luni, complementar salariului negociat, astfel:<\/p>\n<ul>\n<li>Angajatorii vor beneficia de subven\u021bia de <strong>2.250 de lei pe lun\u0103<\/strong> pentru fiecare nou loc de munc\u0103 creat, timp de 12 luni.<\/li>\n<li>Tinerii angaja\u021bi vor primi o \u201eprim\u0103 de stabilitate\u201d neimpozabil\u0103: <strong>1.000 de lei lunar \u00een primul an<\/strong> \u0219i <strong>1.250 de lei lunar \u00een al doilea an<\/strong>.<\/li>\n<\/ul>\n<p>Ministrul a subliniat c\u0103 pentru a men\u021bine stabilitatea, acest pachet de subven\u021bionare de 24 de luni vine cu cerin\u021ba de a p\u0103stra contractul de munc\u0103 pentru \u00eenc\u0103 18 luni dup\u0103 \u00eencheierea perioadei de subven\u021bionare. \u00cen cazul \u00een care contractul este reziliat \u00eenainte de termen, angajatorii vor fi obliga\u021bi s\u0103 restituie fondurile primite. Aceste clauze vor fi monitorizate cu stricte\u021be de Inspec\u021bia Muncii \u0219i ANOFM.<\/p>\n<p>Florin Manole a caracterizat aceast\u0103 ini\u021biativ\u0103 ca fiind benefic\u0103 pentru toate p\u0103r\u021bile implicate, afirm\u00e2nd:<\/p>\n<p>\u201e<a href=\"https:\/\/www.mediafax.ro\/stirile-zilei\/ministrul-muncii-despre-munca-la-negru-in-romania-cel-mai-grav-caz-a-fost-cu-un-singur-angajator-care-avea-500-de-angajati-fara-contract-23714743\">Inspec\u021bia Muncii \u0219i ANOFM<\/a> se vor ocupa de implementarea acestui program. Subven\u021biile vor fi finan\u021bate din fonduri europene, ceea ce \u00eenseamn\u0103 c\u0103 at\u00e2t statul rom\u00e2n, c\u00e2t \u0219i cet\u0103\u021benii \u0219i economia vor avea de c\u00e2\u0219tigat. Este o situa\u021bie win-win-win, iar din punctul meu de vedere, reprezint\u0103 cel mai bun proiect pe care \u00eel putem avea. Dac\u0103 evalu\u0103rile arat\u0103 succesul acestui program, ar trebui s\u0103 ne g\u00e2ndim la extinderea lui \u0219i prin intermediul fondurilor publice\u201d, a subliniat Manole.<\/p>\n<p>Scopul principal al acestui program este de a sprijini aproximativ <strong>28.000 de tineri<\/strong> la nivel na\u021bional, \u00een special pe cei din categoria NEET, adic\u0103 tinerii care nu sunt angaja\u021bi \u0219i nu urmeaz\u0103 o form\u0103 de \u00eenv\u0103\u021b\u0103m\u00e2nt.<\/p>\n<p>Ministrul a ad\u0103ugat c\u0103, \u00een func\u021bie de rezultatele acestei etape finan\u021bate din fonduri europene, programul ar putea beneficia de o extindere \u0219i multiplicare prin utilizarea resurselor din bugetul public.<\/p>\n","protected":false},"excerpt":{"rendered":"<p>Un nou program \u00ee\u0219i propune s\u0103 sprijine tinerii care nu au avut p\u00e2n\u0103 acum un loc de munc\u0103, oferind subven\u021bii atractive at\u00e2t pentru angaja\u021bi, c\u00e2t \u0219i pentru angajatori. Aceast\u0103 ini\u021biativ\u0103 are ca scop facilitarea integr\u0103rii pe pia\u021ba muncii a tinerilor care au terminat \u0219coala, liceul sau universitatea, dar nu au reu\u0219it s\u0103 \u00ee\u0219i g\u0103seasc\u0103 un [&hellip;]<\/p>\n","protected":false},"author":2,"featured_media":11837,"comment_status":"open","ping_status":"open","sticky":false,"template":"","format":"standard","meta":{"jnews-multi-image_gallery":[],"jnews_single_post":[],"jnews_primary_category":[],"jnews_override_counter":[],"footnotes":""},"categories":[42],"tags":[2228,11081,7584,7998,251,717,10706,2162],"class_list":["post-11836","post","type-post","status-publish","format-standard","has-post-thumbnail","hentry","category-politica","tag-angajatori","tag-experienta-profesionala","tag-integrare","tag-loc-de-munca","tag-program","tag-sprijin-financiar","tag-subventii","tag-tineri"],"_links":{"self":[{"href":"https:\/\/www.newsrecorder.ro\/app\/wp-json\/wp\/v2\/posts\/11836","targetHints":{"allow":["GET"]}}],"collection":[{"href":"https:\/\/www.newsrecorder.ro\/app\/wp-json\/wp\/v2\/posts"}],"about":[{"href":"https:\/\/www.newsrecorder.ro\/app\/wp-json\/wp\/v2\/types\/post"}],"author":[{"embeddable":true,"href":"https:\/\/www.newsrecorder.ro\/app\/wp-json\/wp\/v2\/users\/2"}],"replies":[{"embeddable":true,"href":"https:\/\/www.newsrecorder.ro\/app\/wp-json\/wp\/v2\/comments?post=11836"}],"version-history":[{"count":0,"href":"https:\/\/www.newsrecorder.ro\/app\/wp-json\/wp\/v2\/posts\/11836\/revisions"}],"wp:featuredmedia":[{"embeddable":true,"href":"https:\/\/www.newsrecorder.ro\/app\/wp-json\/wp\/v2\/media\/11837"}],"wp:attachment":[{"href":"https:\/\/www.newsrecorder.ro\/app\/wp-json\/wp\/v2\/media?parent=11836"}],"wp:term":[{"taxonomy":"category","embeddable":true,"href":"https:\/\/www.newsrecorder.ro\/app\/wp-json\/wp\/v2\/categories?post=11836"},{"taxonomy":"post_tag","embeddable":true,"href":"https:\/\/www.newsrecorder.ro\/app\/wp-json\/wp\/v2\/tags?post=11836"}],"curies":[{"name":"wp","href":"https:\/\/api.w.org\/{rel}","templated":true}]}}