{"id":11840,"date":"2026-04-03T20:51:24","date_gmt":"2026-04-03T20:51:24","guid":{"rendered":"https:\/\/www.newsrecorder.ro\/app\/2026\/04\/03\/ministrul-muncii-500-de-angajati-fara-contract-la-un-singur-angajator\/"},"modified":"2026-04-03T20:51:24","modified_gmt":"2026-04-03T20:51:24","slug":"ministrul-muncii-500-de-angajati-fara-contract-la-un-singur-angajator","status":"publish","type":"post","link":"https:\/\/www.newsrecorder.ro\/app\/2026\/04\/03\/ministrul-muncii-500-de-angajati-fara-contract-la-un-singur-angajator\/","title":{"rendered":"Ministrul Muncii: 500 de angaja\u021bi f\u0103r\u0103 contract la un singur angajator!"},"content":{"rendered":"<p>\u201ePrimul aspect pe care trebuie s\u0103-l lu\u0103m \u00een considerare \u00een leg\u0103tur\u0103 cu munca la negru este impactul asupra drepturilor angaja\u021bilor. Ace\u0219ti lucr\u0103tori nu beneficiaz\u0103 de serviciile esen\u021biale care deriv\u0103 dintr-un contract de munc\u0103, cum ar fi asigurarea de s\u0103n\u0103tate \u0219i o pensie adecvat\u0103 pentru perioada de pensionare. Aceasta este perspectiva fundamental\u0103\u201d, a afirmat <a href=\"https:\/\/www.mediafax.ro\/?s=Florin+manole\" target=\"_blank\" rel=\"noopener\">Florin Manole<\/a> \u00een cadrul <strong>emisiunii Atitudini de la G\u00e2ndul<\/strong>.<\/p>\n<p>Pe l\u00e2ng\u0103 implica\u021biile sociale, munca la negru genereaz\u0103 o competi\u021bie neloial\u0103 \u00een r\u00e2ndul companiilor. \u201eEste \u00een interesul comun al statului \u0219i al antreprenorilor care respect\u0103 legea s\u0103 combat\u0103 munca la negru. Companiile care \u00ee\u0219i pl\u0103tesc impozitele se afl\u0103 \u00een dezavantaj fa\u021b\u0103 de cele care nu respect\u0103 aceste obliga\u021bii\u201d, a subliniat ministrul.<\/p>\n<h2>Controale \u0219i sanc\u021biuni: insuficien\u021ba inspectorilor<\/h2>\n<p>Combaterea muncii la negru se realizeaz\u0103 prin intermediul controalelor \u0219i sanc\u021biunilor efectuate de inspectorii de munc\u0103. <\/p>\n<p>\u201e\u00cen ultimele dou\u0103 decenii, aproximativ 50% dintre inspectorii de munc\u0103 din Bucure\u0219ti au disp\u0103rut. Este esen\u021bial s\u0103 avem mai mul\u021bi inspectori pentru a desf\u0103\u0219ura controale eficiente care s\u0103 protejeze at\u00e2t angaja\u021bii, c\u00e2t \u0219i economia\u201d, a explicat Manole.<\/p>\n<p>Ministrul a f\u0103cut o observa\u021bie amuzant\u0103: \u201eAvem nevoie de inspectori? Hai s\u0103 mai reducem cu 10% num\u0103rul lor\u2026 Glumesc, bine\u00een\u021beles. Trebuie s\u0103 acoperim deficitul actual \u0219i s\u0103 dispunem de resurse suficiente pentru verific\u0103ri\u201d.<\/p>\n<h2>Cele mai mari nereguli depistate<\/h2>\n<p>Anul trecut, inspectorii de munc\u0103 au identificat cazuri semnificative de angaja\u021bi f\u0103r\u0103 contract, mai ales \u00een sectorul economiei digitale.<\/p>\n<p>\u201eCele mai mari probleme au fost \u00eent\u00e2lnite \u00een zona platformelor <strong>digitale \u2013 ride-sharing, livr\u0103ri \u0219i curierat. De exemplu, am descoperit un caz cu 530 de lucr\u0103tori la negru<\/strong> la un singur angajator. Imagina\u021bi-v\u0103! Un singur angajator avea peste 500 de angaja\u021bi f\u0103r\u0103 contract de munc\u0103\u201d, a declarat ministrul.<\/p>\n<p>Sectorul construc\u021biilor nu a fost nici el ferit de nereguli grave, un \u0219antier din Bucure\u0219ti av\u00e2nd 76 de angaja\u021bi f\u0103r\u0103 contract. Sanc\u021biunile legale pentru aceste abateri prev\u0103d o amend\u0103 de 40.000 de lei pentru fiecare angajat g\u0103sit la negru.<\/p>\n<h2>Legea muncii pe platforme: transparen\u021b\u0103 \u0219i reguli clare<\/h2>\n<p><strong>Guvernul lucreaz\u0103 la o lege care va implementa Directiva European\u0103 privind munca pe platforme<\/strong>.<\/p>\n<p>\u201eAceast\u0103 lege va \u00eenchide porti\u021bele prin care se ocole\u0219te legisla\u021bia \u0219i va reglementa mai bine munca pe platforme, reduc\u00e2nd semnificativ fenomenul muncii la negru\u201d, a explicat ministrul.<\/p>\n<p>De\u0219i se preconizeaz\u0103 c\u0103 munca la negru va persista \u00een toate \u021b\u0103rile UE, statul trebuie s\u0103 depun\u0103 eforturi considerabile pentru a limita acest fenomen \u0219i pentru a aplica sanc\u021biuni severe celor care \u00eencalc\u0103 legea. Amenzile au fost deja majorate, iar autorit\u0103\u021bile inten\u021bioneaz\u0103 s\u0103 le men\u021bin\u0103 pentru cei care nu respect\u0103 legisla\u021bia.<\/p>\n<p>Florin Manole a dorit s\u0103 sublinieze c\u0103 noua lege nu vizeaz\u0103 persoanele oneste: \u201eNiciun cet\u0103\u021bean serios \u0219i niciun antreprenor corect nu trebuie s\u0103 se team\u0103 de lege. Sanc\u021biunile se aplic\u0103 doar celor care o \u00eencalc\u0103, iar abuzurile trebuie corectate\u201d.<\/p>\n","protected":false},"excerpt":{"rendered":"<p>\u201ePrimul aspect pe care trebuie s\u0103-l lu\u0103m \u00een considerare \u00een leg\u0103tur\u0103 cu munca la negru este impactul asupra drepturilor angaja\u021bilor. Ace\u0219ti lucr\u0103tori nu beneficiaz\u0103 de serviciile esen\u021biale care deriv\u0103 dintr-un contract de munc\u0103, cum ar fi asigurarea de s\u0103n\u0103tate \u0219i o pensie adecvat\u0103 pentru perioada de pensionare. Aceasta este perspectiva fundamental\u0103\u201d, a afirmat Florin Manole [&hellip;]<\/p>\n","protected":false},"author":2,"featured_media":11841,"comment_status":"open","ping_status":"open","sticky":false,"template":"","format":"standard","meta":{"jnews-multi-image_gallery":[],"jnews_single_post":[],"jnews_primary_category":[],"jnews_override_counter":[],"footnotes":""},"categories":[42],"tags":[14767,12509,14768,12001,5573,787,14766,86],"class_list":["post-11840","post","type-post","status-publish","format-standard","has-post-thumbnail","hentry","category-politica","tag-asigurare-sanatate","tag-competitie-neloiala","tag-controale-munca","tag-drepturi-angajati","tag-florin-manole","tag-impozite","tag-munca-la-negru","tag-sanctiuni"],"_links":{"self":[{"href":"https:\/\/www.newsrecorder.ro\/app\/wp-json\/wp\/v2\/posts\/11840","targetHints":{"allow":["GET"]}}],"collection":[{"href":"https:\/\/www.newsrecorder.ro\/app\/wp-json\/wp\/v2\/posts"}],"about":[{"href":"https:\/\/www.newsrecorder.ro\/app\/wp-json\/wp\/v2\/types\/post"}],"author":[{"embeddable":true,"href":"https:\/\/www.newsrecorder.ro\/app\/wp-json\/wp\/v2\/users\/2"}],"replies":[{"embeddable":true,"href":"https:\/\/www.newsrecorder.ro\/app\/wp-json\/wp\/v2\/comments?post=11840"}],"version-history":[{"count":0,"href":"https:\/\/www.newsrecorder.ro\/app\/wp-json\/wp\/v2\/posts\/11840\/revisions"}],"wp:featuredmedia":[{"embeddable":true,"href":"https:\/\/www.newsrecorder.ro\/app\/wp-json\/wp\/v2\/media\/11841"}],"wp:attachment":[{"href":"https:\/\/www.newsrecorder.ro\/app\/wp-json\/wp\/v2\/media?parent=11840"}],"wp:term":[{"taxonomy":"category","embeddable":true,"href":"https:\/\/www.newsrecorder.ro\/app\/wp-json\/wp\/v2\/categories?post=11840"},{"taxonomy":"post_tag","embeddable":true,"href":"https:\/\/www.newsrecorder.ro\/app\/wp-json\/wp\/v2\/tags?post=11840"}],"curies":[{"name":"wp","href":"https:\/\/api.w.org\/{rel}","templated":true}]}}