{"id":11854,"date":"2026-04-03T22:27:46","date_gmt":"2026-04-03T22:27:46","guid":{"rendered":"https:\/\/www.newsrecorder.ro\/app\/2026\/04\/03\/bucuresti-ploaie-si-vant-moderat-ce-ne-aduce-vremea-pana-marti\/"},"modified":"2026-04-03T22:27:46","modified_gmt":"2026-04-03T22:27:46","slug":"bucuresti-ploaie-si-vant-moderat-ce-ne-aduce-vremea-pana-marti","status":"publish","type":"post","link":"https:\/\/www.newsrecorder.ro\/app\/2026\/04\/03\/bucuresti-ploaie-si-vant-moderat-ce-ne-aduce-vremea-pana-marti\/","title":{"rendered":"Bucure\u0219ti: Ploaie \u0219i v\u00e2nt moderat &#8211; Ce ne aduce vremea p\u00e2n\u0103 mar\u021bi?"},"content":{"rendered":"<p>\u00cen perioada de luni diminea\u021b\u0103 p\u00e2n\u0103 mar\u021bi diminea\u021b\u0103, vremea va fi caracterizat\u0103 prin \u00eennor\u0103ri, iar ploi slabe vor ap\u0103rea sporadic.<\/p>\n<p>V\u00e2ntul va avea o intensitate slab\u0103 p\u00e2n\u0103 la moderat\u0103, contribuind la o senza\u021bie mai pl\u0103cut\u0103 \u00een aer. Temperaturile se vor men\u021bine \u00een jurul valorii maxime de 14 grade Celsius, iar cele minime vor oscila \u00eentre 4 \u0219i 6 grade.<\/p>\n<p>Este important de men\u021bionat c\u0103, \u00eentre 30 martie, ora 10, \u0219i 31 martie, ora 10, municipiul Bucure\u0219ti nu va fi afectat de un mesaj meteorologic de interes general.<\/p>\n","protected":false},"excerpt":{"rendered":"<p>\u00cen perioada de luni diminea\u021b\u0103 p\u00e2n\u0103 mar\u021bi diminea\u021b\u0103, vremea va fi caracterizat\u0103 prin \u00eennor\u0103ri, iar ploi slabe vor ap\u0103rea sporadic. V\u00e2ntul va avea o intensitate slab\u0103 p\u00e2n\u0103 la moderat\u0103, contribuind la o senza\u021bie mai pl\u0103cut\u0103 \u00een aer. Temperaturile se vor men\u021bine \u00een jurul valorii maxime de 14 grade Celsius, iar cele minime vor oscila \u00eentre [&hellip;]<\/p>\n","protected":false},"author":5,"featured_media":11855,"comment_status":"open","ping_status":"open","sticky":false,"template":"","format":"standard","meta":{"jnews-multi-image_gallery":[],"jnews_single_post":[],"jnews_primary_category":[],"jnews_override_counter":[],"footnotes":""},"categories":[45],"tags":[362,13962,5163,12471,132,126,137,125],"class_list":["post-11854","post","type-post","status-publish","format-standard","has-post-thumbnail","hentry","category-meteo","tag-bucuresti","tag-innorari","tag-martie","tag-ploi","tag-prognoza","tag-temperaturi","tag-vant","tag-vreme"],"_links":{"self":[{"href":"https:\/\/www.newsrecorder.ro\/app\/wp-json\/wp\/v2\/posts\/11854","targetHints":{"allow":["GET"]}}],"collection":[{"href":"https:\/\/www.newsrecorder.ro\/app\/wp-json\/wp\/v2\/posts"}],"about":[{"href":"https:\/\/www.newsrecorder.ro\/app\/wp-json\/wp\/v2\/types\/post"}],"author":[{"embeddable":true,"href":"https:\/\/www.newsrecorder.ro\/app\/wp-json\/wp\/v2\/users\/5"}],"replies":[{"embeddable":true,"href":"https:\/\/www.newsrecorder.ro\/app\/wp-json\/wp\/v2\/comments?post=11854"}],"version-history":[{"count":0,"href":"https:\/\/www.newsrecorder.ro\/app\/wp-json\/wp\/v2\/posts\/11854\/revisions"}],"wp:featuredmedia":[{"embeddable":true,"href":"https:\/\/www.newsrecorder.ro\/app\/wp-json\/wp\/v2\/media\/11855"}],"wp:attachment":[{"href":"https:\/\/www.newsrecorder.ro\/app\/wp-json\/wp\/v2\/media?parent=11854"}],"wp:term":[{"taxonomy":"category","embeddable":true,"href":"https:\/\/www.newsrecorder.ro\/app\/wp-json\/wp\/v2\/categories?post=11854"},{"taxonomy":"post_tag","embeddable":true,"href":"https:\/\/www.newsrecorder.ro\/app\/wp-json\/wp\/v2\/tags?post=11854"}],"curies":[{"name":"wp","href":"https:\/\/api.w.org\/{rel}","templated":true}]}}