{"id":11856,"date":"2026-04-03T22:27:57","date_gmt":"2026-04-03T22:27:57","guid":{"rendered":"https:\/\/www.newsrecorder.ro\/app\/2026\/04\/03\/alerta-anm-vant-puternic-si-ploi-torentiale-in-toata-tara\/"},"modified":"2026-04-03T22:27:57","modified_gmt":"2026-04-03T22:27:57","slug":"alerta-anm-vant-puternic-si-ploi-torentiale-in-toata-tara","status":"publish","type":"post","link":"https:\/\/www.newsrecorder.ro\/app\/2026\/04\/03\/alerta-anm-vant-puternic-si-ploi-torentiale-in-toata-tara\/","title":{"rendered":"Alert\u0103 ANM: V\u00e2nt puternic \u0219i ploi toren\u021biale \u00een toat\u0103 \u021bara!"},"content":{"rendered":"<p>Vremea va aduce, temporar, intensific\u0103ri ale v\u00e2ntului \u00een aproape toate regiunile Moldovei \u0219i Dobrogea.<\/p>\n<p>\u00cen plus, se estimeaz\u0103 c\u0103 \u00een estul Munteniei, precum \u0219i \u00een vestul \u0219i sud-vestul Olteniei, v\u00e2ntul va atinge viteze de 40-50 km\/h.<\/p>\n<p>Precipita\u021biile vor fi omniprezente, cu ploi \u00een majoritatea zonelor, iar \u00een anumite locuri se pot acumula cantit\u0103\u021bi semnificative de ap\u0103, \u00eentre 10 \u0219i 25 l\/mp.<\/p>\n<p>\u00cen zona montan\u0103, la altitudini ce dep\u0103\u0219esc 1600 m, precipita\u021biile vor fi predominant sub form\u0103 de ninsoare.<\/p>\n","protected":false},"excerpt":{"rendered":"<p>Vremea va aduce, temporar, intensific\u0103ri ale v\u00e2ntului \u00een aproape toate regiunile Moldovei \u0219i Dobrogea. \u00cen plus, se estimeaz\u0103 c\u0103 \u00een estul Munteniei, precum \u0219i \u00een vestul \u0219i sud-vestul Olteniei, v\u00e2ntul va atinge viteze de 40-50 km\/h. Precipita\u021biile vor fi omniprezente, cu ploi \u00een majoritatea zonelor, iar \u00een anumite locuri se pot acumula cantit\u0103\u021bi semnificative de [&hellip;]<\/p>\n","protected":false},"author":5,"featured_media":11857,"comment_status":"open","ping_status":"open","sticky":false,"template":"","format":"standard","meta":{"jnews-multi-image_gallery":[],"jnews_single_post":[],"jnews_primary_category":[],"jnews_override_counter":[],"footnotes":""},"categories":[45],"tags":[2253,1422,14614,4036,743,135,137,2343],"class_list":["post-11856","post","type-post","status-publish","format-standard","has-post-thumbnail","hentry","category-meteo","tag-dobrogea","tag-intensificari","tag-moldovei","tag-muntenia","tag-ninsoare","tag-precipitatii","tag-vant","tag-vremea"],"_links":{"self":[{"href":"https:\/\/www.newsrecorder.ro\/app\/wp-json\/wp\/v2\/posts\/11856","targetHints":{"allow":["GET"]}}],"collection":[{"href":"https:\/\/www.newsrecorder.ro\/app\/wp-json\/wp\/v2\/posts"}],"about":[{"href":"https:\/\/www.newsrecorder.ro\/app\/wp-json\/wp\/v2\/types\/post"}],"author":[{"embeddable":true,"href":"https:\/\/www.newsrecorder.ro\/app\/wp-json\/wp\/v2\/users\/5"}],"replies":[{"embeddable":true,"href":"https:\/\/www.newsrecorder.ro\/app\/wp-json\/wp\/v2\/comments?post=11856"}],"version-history":[{"count":0,"href":"https:\/\/www.newsrecorder.ro\/app\/wp-json\/wp\/v2\/posts\/11856\/revisions"}],"wp:featuredmedia":[{"embeddable":true,"href":"https:\/\/www.newsrecorder.ro\/app\/wp-json\/wp\/v2\/media\/11857"}],"wp:attachment":[{"href":"https:\/\/www.newsrecorder.ro\/app\/wp-json\/wp\/v2\/media?parent=11856"}],"wp:term":[{"taxonomy":"category","embeddable":true,"href":"https:\/\/www.newsrecorder.ro\/app\/wp-json\/wp\/v2\/categories?post=11856"},{"taxonomy":"post_tag","embeddable":true,"href":"https:\/\/www.newsrecorder.ro\/app\/wp-json\/wp\/v2\/tags?post=11856"}],"curies":[{"name":"wp","href":"https:\/\/api.w.org\/{rel}","templated":true}]}}