{"id":1187,"date":"2026-02-01T19:17:38","date_gmt":"2026-02-01T19:17:38","guid":{"rendered":"https:\/\/www.newsrecorder.ro\/app\/2026\/02\/01\/baluta-il-acuza-pe-ciucu-campania-electorala-a-fost-neloiala\/"},"modified":"2026-02-01T19:17:38","modified_gmt":"2026-02-01T19:17:38","slug":"baluta-il-acuza-pe-ciucu-campania-electorala-a-fost-neloiala","status":"publish","type":"post","link":"https:\/\/www.newsrecorder.ro\/app\/2026\/02\/01\/baluta-il-acuza-pe-ciucu-campania-electorala-a-fost-neloiala\/","title":{"rendered":"B\u0103lu\u021b\u0103 \u00eel acuz\u0103 pe Ciucu: Campania electoral\u0103 a fost neloial\u0103!"},"content":{"rendered":"<p><em>B\u0103lu\u021b\u0103 a subliniat importan\u021ba transparen\u021bei \u00een comunicarea cu bucure\u0219tenii, afirm\u00e2nd c\u0103 \u00een timpul campaniei electorale s-a omis prezentarea realit\u0103\u021bii situa\u021biei financiare a ora\u0219ului. El a explicat c\u0103 datoriile acumulate de Bucure\u0219ti \u00een ultimii ani sunt rezultatul unei schimb\u0103ri tehnice, \u0219i anume dispari\u021bia cotelor de echilibrare din anul 2024, urmat\u0103 de o reducere suplimentar\u0103 de 15% a bugetului \u00een 2025. Aceasta dovede\u0219te, \u00een opinia sa, o necunoa\u0219tere profund\u0103 a problemei de c\u0103tre autorit\u0103\u021bi.<\/em><\/p>\n<p>Mai mult, B\u0103lu\u021b\u0103 a subliniat c\u0103 nu sectoarele ora\u0219ului reprezint\u0103 problema, ci a criticat pe cei care conduc, referindu-se \u00een mod special la <a href=\"https:\/\/www.mediafax.ro\/stirile-zilei\/daniel-baluta-atac-la-bolojan-trebuie-sa-gandeasca-empatic-dansul-este-specialist-in-taieri-23679937\">Bolojan<\/a>, pe care l-a descris ca fiind \u201eobi\u0219nuit s\u0103 taie tot\u201d.<\/p>\n<p><em>\u201eA\u021bi observat cum a \u00eenceput mandatul s\u0103u, cu un stil similar unui reflex dictatorial: taie, apoi cre\u0219te, iar apoi taie din nou. Acestea sunt preocup\u0103rile sale, f\u0103r\u0103 a \u021bine cont de un aspect esen\u021bial: rom\u00e2nii nu mai pot suporta astfel de m\u0103suri. Av\u00e2nd \u00een vedere c\u0103 \u00een Bucure\u0219ti locuiesc peste 10% din rom\u00e2nii \u021b\u0103rii, este momentul s\u0103 ne oprim cu aceste ac\u021biuni. De aceea, pre\u021bul biletului la STB a r\u0103mas constant la 3 lei, pentru c\u0103 nu este normal s\u0103 descuraj\u0103m utilizarea transportului \u00een comun \u00eentr-un ora\u0219 sufocat de ma\u0219ini\u201d, a afirmat el.<\/em><\/p>\n<p><em>B\u0103lu\u021b\u0103 a ad\u0103ugat c\u0103 cet\u0103\u021benii nu \u00ee\u0219i mai pot permite s\u0103 suporte cre\u0219teri ale tarifelor pentru transport. \u201eEste un aspect pe care nu doar \u00eel promitem, ci pe care \u00eel \u0219i implement\u0103m\u201d, a concluzionat el.<\/em><\/p>\n","protected":false},"excerpt":{"rendered":"<p>B\u0103lu\u021b\u0103 a subliniat importan\u021ba transparen\u021bei \u00een comunicarea cu bucure\u0219tenii, afirm\u00e2nd c\u0103 \u00een timpul campaniei electorale s-a omis prezentarea realit\u0103\u021bii situa\u021biei financiare a ora\u0219ului. El a explicat c\u0103 datoriile acumulate de Bucure\u0219ti \u00een ultimii ani sunt rezultatul unei schimb\u0103ri tehnice, \u0219i anume dispari\u021bia cotelor de echilibrare din anul 2024, urmat\u0103 de o reducere suplimentar\u0103 de 15% [&hellip;]<\/p>\n","protected":false},"author":2,"featured_media":1188,"comment_status":"open","ping_status":"open","sticky":false,"template":"","format":"standard","meta":{"jnews-multi-image_gallery":[],"jnews_single_post":[],"jnews_primary_category":[],"jnews_override_counter":[],"footnotes":""},"categories":[42],"tags":[2136,2137,1298,362,1068,1055,2135,1842],"class_list":["post-1187","post","type-post","status-publish","format-standard","has-post-thumbnail","hentry","category-politica","tag-autoritati","tag-baluta","tag-bolojan","tag-bucuresti","tag-buget","tag-campanie-electorala","tag-datoriile-orasului","tag-transparenta"],"_links":{"self":[{"href":"https:\/\/www.newsrecorder.ro\/app\/wp-json\/wp\/v2\/posts\/1187","targetHints":{"allow":["GET"]}}],"collection":[{"href":"https:\/\/www.newsrecorder.ro\/app\/wp-json\/wp\/v2\/posts"}],"about":[{"href":"https:\/\/www.newsrecorder.ro\/app\/wp-json\/wp\/v2\/types\/post"}],"author":[{"embeddable":true,"href":"https:\/\/www.newsrecorder.ro\/app\/wp-json\/wp\/v2\/users\/2"}],"replies":[{"embeddable":true,"href":"https:\/\/www.newsrecorder.ro\/app\/wp-json\/wp\/v2\/comments?post=1187"}],"version-history":[{"count":0,"href":"https:\/\/www.newsrecorder.ro\/app\/wp-json\/wp\/v2\/posts\/1187\/revisions"}],"wp:featuredmedia":[{"embeddable":true,"href":"https:\/\/www.newsrecorder.ro\/app\/wp-json\/wp\/v2\/media\/1188"}],"wp:attachment":[{"href":"https:\/\/www.newsrecorder.ro\/app\/wp-json\/wp\/v2\/media?parent=1187"}],"wp:term":[{"taxonomy":"category","embeddable":true,"href":"https:\/\/www.newsrecorder.ro\/app\/wp-json\/wp\/v2\/categories?post=1187"},{"taxonomy":"post_tag","embeddable":true,"href":"https:\/\/www.newsrecorder.ro\/app\/wp-json\/wp\/v2\/tags?post=1187"}],"curies":[{"name":"wp","href":"https:\/\/api.w.org\/{rel}","templated":true}]}}