{"id":11882,"date":"2026-04-03T22:45:44","date_gmt":"2026-04-03T22:45:44","guid":{"rendered":"https:\/\/www.newsrecorder.ro\/app\/2026\/04\/03\/ministrul-culturii-tezaurul-dacic-dovada-puterii-cooperarii-noastre\/"},"modified":"2026-04-03T22:45:44","modified_gmt":"2026-04-03T22:45:44","slug":"ministrul-culturii-tezaurul-dacic-dovada-puterii-cooperarii-noastre","status":"publish","type":"post","link":"https:\/\/www.newsrecorder.ro\/app\/2026\/04\/03\/ministrul-culturii-tezaurul-dacic-dovada-puterii-cooperarii-noastre\/","title":{"rendered":"Ministrul Culturii: Tezaurul dacic, dovada puterii cooper\u0103rii noastre!"},"content":{"rendered":"<p>\u00cen urma conferin\u021bei de pres\u0103 organizate de autorit\u0103\u021bile olandeze, ministrul educa\u021biei, culturii \u0219i \u0219tiin\u021bei din Rom\u00e2nia, doamna Andras, a purtat o discu\u021bie telefonic\u0103 cu omoloaga sa din Regatul \u021a\u0103rilor de Jos, Rianne Letschert. \u00centr-un mesaj postat pe Facebook, ministrul rom\u00e2n a declarat c\u0103 este \u00eenc\u00e2ntat\u0103 de ve\u0219tile primite, care faciliteaz\u0103 \u00eentoarcerea unui tezaur deosebit de valoros \u00een \u021bar\u0103.<\/p>\n<p>\u00cen cadrul conversa\u021biei, doamna Andras a exprimat recuno\u0219tin\u021ba sa profund\u0103 pentru eforturile depuse de institu\u021biile olandeze, care au jucat un rol esen\u021bial \u00een localizarea artefactelor. Ea a subliniat c\u0103 \u201eaceast\u0103 evolu\u021bie reprezint\u0103 un pas semnificativ \u0219i un semnal clar al eficien\u021bei colabor\u0103rii noastre\u201d.<\/p>\n<p>Ministrul rom\u00e2n a ad\u0103ugat c\u0103 recuperarea acestor artefacte nu este important\u0103 doar pentru Rom\u00e2nia, ci \u0219i pentru responsabilitatea comun\u0103 de a proteja patrimoniul cultural european. Aceast\u0103 ac\u021biune subliniaz\u0103 angajamentul tuturor \u021b\u0103rilor de a conserva istoria \u0219i cultura continentului.<\/p>\n<p>Recent, autorit\u0103\u021bile olandeze au anun\u021bat c\u0103 dou\u0103 br\u0103\u021b\u0103ri \u0219i coiful de la Co\u021bofene\u0219ti, care au fost furate din Muzeul Drents \u00een luna ianuarie 2025, au fost <a style=\"color: #0000ff\" href=\"https:\/\/www.mediafax.ro\/cultura-media\/update-este-oficial-coiful-de-la-cotofenesti-si-doua-bratari-au-fost-recuperate-23713824\">recuperate<\/a> \u0219i au intrat \u00een posesia autorit\u0103\u021bilor rom\u00e2ne. Aceast\u0103 reu\u0219it\u0103 marcheaz\u0103 un moment important \u00een restabilirea leg\u0103turilor culturale \u0219i istorice \u00eentre cele dou\u0103 na\u021biuni.<\/p>\n","protected":false},"excerpt":{"rendered":"<p>\u00cen urma conferin\u021bei de pres\u0103 organizate de autorit\u0103\u021bile olandeze, ministrul educa\u021biei, culturii \u0219i \u0219tiin\u021bei din Rom\u00e2nia, doamna Andras, a purtat o discu\u021bie telefonic\u0103 cu omoloaga sa din Regatul \u021a\u0103rilor de Jos, Rianne Letschert. \u00centr-un mesaj postat pe Facebook, ministrul rom\u00e2n a declarat c\u0103 este \u00eenc\u00e2ntat\u0103 de ve\u0219tile primite, care faciliteaz\u0103 \u00eentoarcerea unui tezaur deosebit de [&hellip;]<\/p>\n","protected":false},"author":7,"featured_media":11883,"comment_status":"open","ping_status":"open","sticky":false,"template":"","format":"standard","meta":{"jnews-multi-image_gallery":[],"jnews_single_post":[],"jnews_primary_category":[],"jnews_override_counter":[],"footnotes":""},"categories":[43],"tags":[5123,9020,1014,1009,14543,14778,149,4256],"class_list":["post-11882","post","type-post","status-publish","format-standard","has-post-thumbnail","hentry","category-cultura","tag-colaborare-internationala","tag-ministrul-educatiei","tag-olanda","tag-patrimoniu-cultural","tag-recuperare-artefacte","tag-responsabilitate-comuna","tag-romania","tag-tezaur"],"_links":{"self":[{"href":"https:\/\/www.newsrecorder.ro\/app\/wp-json\/wp\/v2\/posts\/11882","targetHints":{"allow":["GET"]}}],"collection":[{"href":"https:\/\/www.newsrecorder.ro\/app\/wp-json\/wp\/v2\/posts"}],"about":[{"href":"https:\/\/www.newsrecorder.ro\/app\/wp-json\/wp\/v2\/types\/post"}],"author":[{"embeddable":true,"href":"https:\/\/www.newsrecorder.ro\/app\/wp-json\/wp\/v2\/users\/7"}],"replies":[{"embeddable":true,"href":"https:\/\/www.newsrecorder.ro\/app\/wp-json\/wp\/v2\/comments?post=11882"}],"version-history":[{"count":0,"href":"https:\/\/www.newsrecorder.ro\/app\/wp-json\/wp\/v2\/posts\/11882\/revisions"}],"wp:featuredmedia":[{"embeddable":true,"href":"https:\/\/www.newsrecorder.ro\/app\/wp-json\/wp\/v2\/media\/11883"}],"wp:attachment":[{"href":"https:\/\/www.newsrecorder.ro\/app\/wp-json\/wp\/v2\/media?parent=11882"}],"wp:term":[{"taxonomy":"category","embeddable":true,"href":"https:\/\/www.newsrecorder.ro\/app\/wp-json\/wp\/v2\/categories?post=11882"},{"taxonomy":"post_tag","embeddable":true,"href":"https:\/\/www.newsrecorder.ro\/app\/wp-json\/wp\/v2\/tags?post=11882"}],"curies":[{"name":"wp","href":"https:\/\/api.w.org\/{rel}","templated":true}]}}